{"id":13758,"date":"2025-08-14T13:58:10","date_gmt":"2025-08-14T13:58:10","guid":{"rendered":"https:\/\/www.magna.org\/cs\/?p=13758"},"modified":"2025-08-14T13:58:12","modified_gmt":"2025-08-14T13:58:12","slug":"zeny-a-deti-v-konzske-demokraticke-republice-nejsou-pred-nasilim-nikde-v-bezpeci","status":"publish","type":"post","link":"https:\/\/www.magna.org\/cs\/zeme\/dr-kongo-cs\/zeny-a-deti-v-konzske-demokraticke-republice-nejsou-pred-nasilim-nikde-v-bezpeci\/","title":{"rendered":"\u017deny a d\u011bti v Kon\u017esk\u00e9 demokratick\u00e9 republice nejsou p\u0159ed n\u00e1sil\u00edm nikde v bezpe\u010d\u00ed"},"content":{"rendered":"<div class=\"e-content-text\"><div class=\"e-content-text__inner\">\n<p><strong>Ka\u017ed\u00fd t\u00fdden stovky ob\u011bt\u00ed, kter\u00e9 p\u0159e\u017eily sexu\u00e1ln\u00ed n\u00e1sil\u00ed, vyhled\u00e1vaj\u00ed p\u00e9\u010di ve zdravotnick\u00fdch st\u0159edisc\u00edch podporovan\u00fdch organizac\u00ed MAGNA v oblastech Kikongo a Bagata severov\u00fdchodn\u011b od hlavn\u00edho m\u011bsta Kon\u017esk\u00e9 demokratick\u00e9 republiky (KDR) Kinshasy.<\/strong><\/p>\n<\/div><\/div>\n\n<div class=\"e-content-text\"><div class=\"e-content-text__inner\">\n<p>Kon\u017esk\u00e1 demokratick\u00e1 republika je opr\u00e1vn\u011bn\u011b ozna\u010dena za \u201e<strong>hlavn\u00ed m\u011bsto zn\u00e1sil\u0148ov\u00e1n\u00ed na sv\u011bt\u011b<\/strong>\u201c.Dokud je zem\u011b uv\u011bzn\u011bna v konfliktu, zn\u00e1sil\u0148ov\u00e1n\u00ed jako zbra\u0148 je b\u011b\u017en\u00fdm a ne\u00faprosn\u00fdm jevem. Sexu\u00e1ln\u00ed n\u00e1sil\u00ed p\u00e1chan\u00e9 na \u017een\u00e1ch je brut\u00e1ln\u00ed a ni\u010div\u00e9, a to nejen fyzicky, ale tak\u00e9 soci\u00e1ln\u00ed a psychicky.<\/p>\n<\/div><\/div>\n\n<div class=\"e-content-cite\">\n    <blockquote class=\"e-content-cite__wrap\">\n        <div class=\"e-content-cite__text\">Jsou napad\u00e1ny kdekoli: doma, o samot\u011b nebo b\u011bhem toho, jak jdou pro vodu na okraj m\u011bsta.<\/div>\n        <div class=\"e-content-cite__author\">Emmanuel, MAGNA zdravotn\u00ed supervisor pro sexu\u00e1ln\u00ed n\u00e1sil\u00ed<\/div>\n    <\/blockquote>\n<\/div>\n\n<div class=\"e-content-text\"><div class=\"e-content-text__inner\">\n<h2 class=\"wp-block-heading\">Mobondo v Mai Ndombe<\/h2>\n<\/div><\/div>\n\n<div class=\"e-content-text\"><div class=\"e-content-text__inner\">\n<p>Oblasti severov\u00fdchodn\u011b od hlavn\u00edho m\u011bsta Kon\u017esk\u00e9 demokratick\u00e9 republiky Kinshasa jsou historicky zaostal\u00e9 a chud\u00e9. P\u016fvodn\u00ed obyvatel\u00e9 t\u00e9to oblasti pat\u0159ili p\u0159ev\u00e1\u017en\u011b k etnick\u00e9 skupin\u011b Teke. Postupem \u010dasu se do tradi\u010dn\u00edch \u00fazem\u00ed Teke za\u010dali st\u011bhovat migranti z etnick\u00fdch skupin sousedn\u00edch provinci\u00ed, jako jsou Kwilu a Kwango, kte\u0159\u00ed hledali p\u016fdu pro zalo\u017een\u00ed farem. Migranti, p\u0159ev\u00e1\u017en\u011b Yaka, se mohli usadit pod podm\u00ednkou, \u017ee budou platit n\u00e1\u010deln\u00edk\u016fm Teke tradi\u010dn\u00ed dan\u011b.<\/p>\n<\/div><\/div>\n\n<div class=\"e-content-text\"><div class=\"e-content-text__inner\">\n<p>Nap\u011bt\u00ed se v pr\u016fb\u011bhu let postupn\u011b zvy\u0161ovalo. Nakonec n\u00e1\u010deln\u00edci Teke v roce 2022 prohl\u00e1sili, \u017ee zv\u00fd\u0161\u00ed tradi\u010dn\u00ed dan\u011b, co\u017e rozzlobilo mnoho m\u00edstn\u00edch zem\u011bd\u011blc\u016f, kte\u0159\u00ed odm\u00edtli platit. N\u00e1\u010deln\u00edci reagovali pokusem o pou\u017eit\u00ed s\u00edly k vyb\u00edr\u00e1n\u00ed dan\u00ed. Mezit\u00edm se za\u010dal \u0161\u00ed\u0159it fale\u0161n\u00fd dopis n\u00e1\u010deln\u00edka \u0161t\u00e1bu kon\u017esk\u00e9ho ministerstva vnitra, ve kter\u00e9m se tvrdilo, \u017ee tradi\u010dn\u00ed dan\u011b byly zcela zru\u0161eny, co\u017e je\u0161t\u011b v\u00edce zv\u00fd\u0161ilo nap\u011bt\u00ed.<\/p>\n<\/div><\/div>\n\n<div class=\"e-content-text\"><div class=\"e-content-text__inner\">\n<p>N\u00e1sil\u00ed vypuklo 9. \u010dervna 2022 ve vesnici Masia-Mbe v Mai Ndombe, kde se farm\u00e1\u0159i z kmen\u016f Yaka a Mbala shrom\u00e1\u017edili, aby protestovali proti zv\u00fd\u0161en\u00ed dan\u00ed. Dav pochodoval k domu m\u00edstn\u00edho n\u00e1\u010deln\u00edka a za\u010dal h\u00e1zet kameny; bratr n\u00e1\u010deln\u00edka reagoval st\u0159elbou z loveck\u00e9 pu\u0161ky a zabil jednoho farm\u00e1\u0159e z kmene Yaka. Na opl\u00e1tku se farm\u00e1\u0159i z kmene Yaka druh\u00fd den vr\u00e1tili v hojn\u00e9m po\u010dtu, vtrhli do Masia Mbe, podp\u00e1lili d\u016fm n\u00e1\u010deln\u00edka a vyplenili vesnici. Od tohoto momentu se konflikt o p\u016fdu a dan\u011b stal st\u00e1le n\u00e1siln\u011bj\u0161\u00edm a Kwamouth se stal centrem boj\u016f.<\/p>\n<\/div><\/div>\n\n<div class=\"e-content-text\"><div class=\"e-content-text__inner\">\n<p>Koncem \u010dervna Yaka zorganizovaly ozbrojen\u00e9 skupiny, kter\u00e9 spole\u010dn\u011b nazvali Mobondo podle ochrann\u00fdch amulet\u016f. Nov\u00e1 milice byla vyzbrojena hlavn\u011b ma\u010detami, luky, kop\u00edmi a men\u0161\u00edm po\u010dtem zbran\u00ed, v\u010detn\u011b n\u011bkolika vojensk\u00fdch \u00fato\u010dn\u00fdch pu\u0161ek. Mobondo za\u010dali \u00fato\u010dit na komunity Teke, zab\u00edjeli civilisty a rabovali majetek. N\u011bkte\u0159\u00ed Teke tak\u00e9 zorganizovali ozbrojen\u00e9 skupiny a uskute\u010dnili \u00fatoky na komunity Yaka, ale byli p\u0159ekon\u00e1ni a brzy pora\u017eeni Mobondo. Jak se operace milice zintenzivnily a Teke prchali p\u0159ed jej\u00edmi \u00fatoky, ozbrojen\u00e1 skupina se st\u00e1le v\u00edce odkl\u00e1n\u011bla od sv\u00e9ho p\u016fvodn\u00edho motivu odporu v\u016f\u010di dan\u00edm a p\u0159e\u0161la k \u00fapln\u00e9mu dobyt\u00ed \u00fazem\u00ed Teke. B\u011bhem n\u00e1sleduj\u00edc\u00edch m\u011bs\u00edc\u016f Mobondo propadlo 43 vesnic Teke.<\/p>\n<\/div><\/div>\n\n<div class=\"e-content-text\"><div class=\"e-content-text__inner\">\n<figure class=\"wp-block-image size-full\"><img decoding=\"async\" src=\"https:\/\/sk.magna.org\/wp-content\/uploads\/2025\/08\/sk.magna.org-zeny-a-deti-v-konzskej-demokratickej-republike-nie-su-pred-nasilim-nikde-v-bezpeci-img-6746.heic\" alt=\"\" class=\"wp-image-16883\"\/><\/figure>\n<\/div><\/div>\n\n<div class=\"e-content-text\"><div class=\"e-content-text__inner\">\n<h2 class=\"wp-block-heading\">C\u00edlen\u00e1 pomoc<\/h2>\n<\/div><\/div>\n\n<div class=\"e-content-text\"><div class=\"e-content-text__inner\">\n<p>Post-kontaktn\u00ed profylaxe (PEP) je forma prevence infekce HIV a je poskytov\u00e1na ob\u011btem zn\u00e1siln\u011bn\u00ed do 72 hodin od doby, kdy k n\u011bmu do\u0161lo. Ob\u011btem je okam\u017eit\u011b poskytnuta tak\u00e9 antikoncepce, aby byla co nejefektivn\u011bj\u0161\u00ed. K prevenci sexu\u00e1ln\u011b p\u0159enosn\u00fdch infekc\u00ed jako je syfilis nebo kapavka slou\u017e\u00ed antibiotika, d\u00e1le pak o\u010dkov\u00e1n\u00ed proti tetanu a \u017eloutence typu B. L\u00e9\u010dba fyzick\u00fdch zran\u011bn\u00ed a psychologick\u00e1 podpora jsou tak\u00e9 sou\u010d\u00e1st\u00ed bal\u00ed\u010dku p\u00e9\u010de, kter\u00e9 MAGNA t\u00fdmy s podporou fondu humanit\u00e1rn\u00ed pomoci poskytuj\u00ed na 6 klinik\u00e1ch v oblastech Baga.<\/p>\n<\/div><\/div>\n\n<section class=\"s-home-hero s-home-hero--white hc-section-space--normal\">\n    <div class=\"s-home-hero__inner\">\n        <div class=\"s-home-hero__media\">\n            <img loading=\"lazy\" decoding=\"async\" width=\"698\" height=\"524\" src=\"https:\/\/www.magna.org\/cs\/wp-content\/uploads\/2025\/08\/cs.magna.org-zeny-a-deti-v-konzske-demokraticke-republice-nejsou-pred-nasilim-nikde-v-bezpeci-img-8336-698x524.jpg\" class=\"attachment-magna-hero size-magna-hero\" alt=\"\" srcset=\"https:\/\/www.magna.org\/cs\/wp-content\/uploads\/2025\/08\/cs.magna.org-zeny-a-deti-v-konzske-demokraticke-republice-nejsou-pred-nasilim-nikde-v-bezpeci-img-8336-698x524.jpg 698w, https:\/\/www.magna.org\/cs\/wp-content\/uploads\/2025\/08\/cs.magna.org-zeny-a-deti-v-konzske-demokraticke-republice-nejsou-pred-nasilim-nikde-v-bezpeci-img-8336-1396x1048.jpg 1396w\" sizes=\"auto, (max-width: 698px) 100vw, 698px\" \/>\n        <\/div>\n        <div class=\"s-home-hero__content\">\n            <h2 class=\"s-home-hero__title\">Mawete<\/h2>\n            <div class=\"s-home-hero__text\">\n                <p>Jmenuji se Mawete a je mi 17 let. Poch\u00e1z\u00edm z vesnice Fumuzale, ale kv\u016fli konfliktu jsem byla vys\u00eddlena do Mongaty. Po \u00fatoku povstalc\u016f z kmene Mobondo na vesnici m\u011b vzali do lesa, kde jsem s nimi z\u016fstala v\u00edce ne\u017e m\u011bs\u00edc a slou\u017eila jim jako \u201eman\u017eelka\u201c. Hrozilo mi, \u017ee m\u011b zabij\u00ed, kdy\u017e se pokus\u00edm o \u00fat\u011bk. Jednoho dne se povstalci mezi sebou setkali a j\u00e1 jsem riskla \u00fat\u011bk. Sedm dn\u00ed jsem sama kr\u00e1\u010dela bu\u0161\u00ed a do Bagaty jsem dorazila v kritick\u00e9m stavu, ale v nemocnici jsem dostala l\u00e9ka\u0159skou p\u00e9\u010di.<\/p>\n            <\/div>\n        <\/div>\n    <\/div>\n<\/section>\n\n<div class=\"e-content-text\"><div class=\"e-content-text__inner\">\n<p>Sexu\u00e1ln\u00ed n\u00e1sil\u00ed se neomezuje jen na oblast Bagata a Kikongo. Ob\u011b\u0165mi jsou tis\u00edce \u017een, d\u00edvek a d\u011bt\u00ed v cel\u00e9 zemi, kter\u00e9 vyhled\u00e1vaj\u00ed l\u00e9\u010dbu.<\/p>\n<\/div><\/div>","protected":false},"excerpt":{"rendered":"<p>Ka\u017ed\u00fd t\u00fdden stovky ob\u011bt\u00ed, kter\u00e9 p\u0159e\u017eily sexu\u00e1ln\u00ed n\u00e1sil\u00ed, vyhled\u00e1vaj\u00ed p\u00e9\u010di ve zdravotnick\u00fdch st\u0159edisc\u00edch podporovan\u00fdch organizac\u00ed MAGNA v oblastech Kikongo a Bagata severov\u00fdchodn\u011b od hlavn\u00edho m\u011bsta Kon\u017esk\u00e9 demokratick\u00e9 republiky (KDR) Kinshasy. Kon\u017esk\u00e1 demokratick\u00e1 republika je opr\u00e1vn\u011bn\u011b ozna\u010dena za \u201ehlavn\u00ed m\u011bsto zn\u00e1sil\u0148ov\u00e1n\u00ed na sv\u011bt\u011b\u201c.Dokud je zem\u011b uv\u011bzn\u011bna v konfliktu, zn\u00e1sil\u0148ov\u00e1n\u00ed jako zbra\u0148 je b\u011b\u017en\u00fdm a ne\u00faprosn\u00fdm jevem. [&hellip;]<\/p>\n","protected":false},"author":4,"featured_media":13761,"comment_status":"closed","ping_status":"closed","sticky":false,"template":"","format":"standard","meta":{"_acf_changed":false,"inline_featured_image":false,"footnotes":""},"categories":[448],"tags":[],"post_country":[],"post_year":[],"post_layout":[541],"post_topic":[],"class_list":["post-13758","post","type-post","status-publish","format-standard","has-post-thumbnail","hentry","category-dr-kongo-cs","post_layout-aktualizace-projektu"],"acf":[],"yoast_head":"<!-- This site is optimized with the Yoast SEO plugin v24.3 - https:\/\/yoast.com\/wordpress\/plugins\/seo\/ -->\n<title>\u017deny a d\u011bti v Kon\u017esk\u00e9 demokratick\u00e9 republice nejsou p\u0159ed n\u00e1sil\u00edm nikde v bezpe\u010d\u00ed - Magna<\/title>\n<meta name=\"robots\" content=\"index, follow, max-snippet:-1, max-image-preview:large, max-video-preview:-1\" \/>\n<link rel=\"canonical\" href=\"https:\/\/www.magna.org\/cs\/zeme\/dr-kongo-cs\/zeny-a-deti-v-konzske-demokraticke-republice-nejsou-pred-nasilim-nikde-v-bezpeci\/\" \/>\n<meta property=\"og:locale\" content=\"en_US\" \/>\n<meta property=\"og:type\" content=\"article\" \/>\n<meta property=\"og:title\" content=\"\u017deny a d\u011bti v Kon\u017esk\u00e9 demokratick\u00e9 republice nejsou p\u0159ed n\u00e1sil\u00edm nikde v bezpe\u010d\u00ed\" \/>\n<meta property=\"og:description\" content=\"Ka\u017ed\u00fd t\u00fdden stovky ob\u011bt\u00ed, kter\u00e9 p\u0159e\u017eily sexu\u00e1ln\u00ed n\u00e1sil\u00ed, vyhled\u00e1vaj\u00ed p\u00e9\u010di ve zdravotnick\u00fdch st\u0159edisc\u00edch podporovan\u00fdch organizac\u00ed MAGNA v oblastech Kikongo a Bagata severov\u00fdchodn\u011b od hlavn\u00edho m\u011bsta Kon\u017esk\u00e9 demokratick\u00e9 republiky (KDR) Kinshasy.\" \/>\n<meta property=\"og:url\" content=\"https:\/\/www.magna.org\/cs\/zeme\/dr-kongo-cs\/zeny-a-deti-v-konzske-demokraticke-republice-nejsou-pred-nasilim-nikde-v-bezpeci\/\" \/>\n<meta property=\"og:site_name\" content=\"Magna\" \/>\n<meta property=\"article:published_time\" content=\"2025-08-14T13:58:10+00:00\" \/>\n<meta property=\"article:modified_time\" content=\"2025-08-14T13:58:12+00:00\" \/>\n<meta name=\"author\" content=\"Martin Band\u017e\u00e1k\" \/>\n<meta name=\"twitter:card\" content=\"summary_large_image\" \/>\n<meta name=\"twitter:title\" content=\"\u017deny a d\u011bti v Kon\u017esk\u00e9 demokratick\u00e9 republice nejsou p\u0159ed n\u00e1sil\u00edm nikde v bezpe\u010d\u00ed\" \/>\n<meta name=\"twitter:description\" content=\"Ka\u017ed\u00fd t\u00fdden stovky ob\u011bt\u00ed, kter\u00e9 p\u0159e\u017eily sexu\u00e1ln\u00ed n\u00e1sil\u00ed, vyhled\u00e1vaj\u00ed p\u00e9\u010di ve zdravotnick\u00fdch st\u0159edisc\u00edch podporovan\u00fdch organizac\u00ed MAGNA v oblastech Kikongo a Bagata severov\u00fdchodn\u011b od hlavn\u00edho m\u011bsta Kon\u017esk\u00e9 demokratick\u00e9 republiky (KDR) Kinshasy.\" \/>\n<meta name=\"twitter:label1\" content=\"Written by\" \/>\n\t<meta name=\"twitter:data1\" content=\"Martin Band\u017e\u00e1k\" \/>\n\t<meta name=\"twitter:label2\" content=\"Est. reading time\" \/>\n\t<meta name=\"twitter:data2\" content=\"3 minutes\" \/>\n<script type=\"application\/ld+json\" class=\"yoast-schema-graph\">{\"@context\":\"https:\/\/schema.org\",\"@graph\":[{\"@type\":\"WebPage\",\"@id\":\"https:\/\/www.magna.org\/cs\/zeme\/dr-kongo-cs\/zeny-a-deti-v-konzske-demokraticke-republice-nejsou-pred-nasilim-nikde-v-bezpeci\/\",\"url\":\"https:\/\/www.magna.org\/cs\/zeme\/dr-kongo-cs\/zeny-a-deti-v-konzske-demokraticke-republice-nejsou-pred-nasilim-nikde-v-bezpeci\/\",\"name\":\"\u017deny a d\u011bti v Kon\u017esk\u00e9 demokratick\u00e9 republice nejsou p\u0159ed n\u00e1sil\u00edm nikde v bezpe\u010d\u00ed - Magna\",\"isPartOf\":{\"@id\":\"https:\/\/www.magna.org\/cs\/#website\"},\"primaryImageOfPage\":{\"@id\":\"https:\/\/www.magna.org\/cs\/zeme\/dr-kongo-cs\/zeny-a-deti-v-konzske-demokraticke-republice-nejsou-pred-nasilim-nikde-v-bezpeci\/#primaryimage\"},\"image\":{\"@id\":\"https:\/\/www.magna.org\/cs\/zeme\/dr-kongo-cs\/zeny-a-deti-v-konzske-demokraticke-republice-nejsou-pred-nasilim-nikde-v-bezpeci\/#primaryimage\"},\"thumbnailUrl\":\"https:\/\/www.magna.org\/cs\/wp-content\/uploads\/2025\/08\/cs.magna.org-zeny-a-deti-v-konzske-demokraticke-republice-nejsou-pred-nasilim-nikde-v-bezpeci-img-6638.heic\",\"datePublished\":\"2025-08-14T13:58:10+00:00\",\"dateModified\":\"2025-08-14T13:58:12+00:00\",\"author\":{\"@id\":\"https:\/\/www.magna.org\/cs\/#\/schema\/person\/02734d054296381e3adbeee29b5e291b\"},\"breadcrumb\":{\"@id\":\"https:\/\/www.magna.org\/cs\/zeme\/dr-kongo-cs\/zeny-a-deti-v-konzske-demokraticke-republice-nejsou-pred-nasilim-nikde-v-bezpeci\/#breadcrumb\"},\"inLanguage\":\"en-US\",\"potentialAction\":[{\"@type\":\"ReadAction\",\"target\":[\"https:\/\/www.magna.org\/cs\/zeme\/dr-kongo-cs\/zeny-a-deti-v-konzske-demokraticke-republice-nejsou-pred-nasilim-nikde-v-bezpeci\/\"]}]},{\"@type\":\"ImageObject\",\"inLanguage\":\"en-US\",\"@id\":\"https:\/\/www.magna.org\/cs\/zeme\/dr-kongo-cs\/zeny-a-deti-v-konzske-demokraticke-republice-nejsou-pred-nasilim-nikde-v-bezpeci\/#primaryimage\",\"url\":\"https:\/\/www.magna.org\/cs\/wp-content\/uploads\/2025\/08\/cs.magna.org-zeny-a-deti-v-konzske-demokraticke-republice-nejsou-pred-nasilim-nikde-v-bezpeci-img-6638.heic\",\"contentUrl\":\"https:\/\/www.magna.org\/cs\/wp-content\/uploads\/2025\/08\/cs.magna.org-zeny-a-deti-v-konzske-demokraticke-republice-nejsou-pred-nasilim-nikde-v-bezpeci-img-6638.heic\"},{\"@type\":\"BreadcrumbList\",\"@id\":\"https:\/\/www.magna.org\/cs\/zeme\/dr-kongo-cs\/zeny-a-deti-v-konzske-demokraticke-republice-nejsou-pred-nasilim-nikde-v-bezpeci\/#breadcrumb\",\"itemListElement\":[{\"@type\":\"ListItem\",\"position\":1,\"name\":\"Home\",\"item\":\"https:\/\/www.magna.org\/cs\/\"},{\"@type\":\"ListItem\",\"position\":2,\"name\":\"\u017deny a d\u011bti v Kon\u017esk\u00e9 demokratick\u00e9 republice nejsou p\u0159ed n\u00e1sil\u00edm nikde v bezpe\u010d\u00ed\"}]},{\"@type\":\"WebSite\",\"@id\":\"https:\/\/www.magna.org\/cs\/#website\",\"url\":\"https:\/\/www.magna.org\/cs\/\",\"name\":\"Magna\",\"description\":\"Just another WordPress site\",\"potentialAction\":[{\"@type\":\"SearchAction\",\"target\":{\"@type\":\"EntryPoint\",\"urlTemplate\":\"https:\/\/www.magna.org\/cs\/?s={search_term_string}\"},\"query-input\":{\"@type\":\"PropertyValueSpecification\",\"valueRequired\":true,\"valueName\":\"search_term_string\"}}],\"inLanguage\":\"en-US\"},{\"@type\":\"Person\",\"@id\":\"https:\/\/www.magna.org\/cs\/#\/schema\/person\/02734d054296381e3adbeee29b5e291b\",\"name\":\"Martin Band\u017e\u00e1k\",\"image\":{\"@type\":\"ImageObject\",\"inLanguage\":\"en-US\",\"@id\":\"https:\/\/www.magna.org\/cs\/#\/schema\/person\/image\/\",\"url\":\"https:\/\/secure.gravatar.com\/avatar\/c48678daf250d326987444888ba874b15d966557659590ee15699486b7e120b3?s=96&d=mm&r=g\",\"contentUrl\":\"https:\/\/secure.gravatar.com\/avatar\/c48678daf250d326987444888ba874b15d966557659590ee15699486b7e120b3?s=96&d=mm&r=g\",\"caption\":\"Martin Band\u017e\u00e1k\"},\"url\":\"https:\/\/www.magna.org\/cs\/author\/bandzak\/\"}]}<\/script>\n<!-- \/ Yoast SEO plugin. -->","yoast_head_json":{"title":"\u017deny a d\u011bti v Kon\u017esk\u00e9 demokratick\u00e9 republice nejsou p\u0159ed n\u00e1sil\u00edm nikde v bezpe\u010d\u00ed - Magna","robots":{"index":"index","follow":"follow","max-snippet":"max-snippet:-1","max-image-preview":"max-image-preview:large","max-video-preview":"max-video-preview:-1"},"canonical":"https:\/\/www.magna.org\/cs\/zeme\/dr-kongo-cs\/zeny-a-deti-v-konzske-demokraticke-republice-nejsou-pred-nasilim-nikde-v-bezpeci\/","og_locale":"en_US","og_type":"article","og_title":"\u017deny a d\u011bti v Kon\u017esk\u00e9 demokratick\u00e9 republice nejsou p\u0159ed n\u00e1sil\u00edm nikde v bezpe\u010d\u00ed","og_description":"Ka\u017ed\u00fd t\u00fdden stovky ob\u011bt\u00ed, kter\u00e9 p\u0159e\u017eily sexu\u00e1ln\u00ed n\u00e1sil\u00ed, vyhled\u00e1vaj\u00ed p\u00e9\u010di ve zdravotnick\u00fdch st\u0159edisc\u00edch podporovan\u00fdch organizac\u00ed MAGNA v oblastech Kikongo a Bagata severov\u00fdchodn\u011b od hlavn\u00edho m\u011bsta Kon\u017esk\u00e9 demokratick\u00e9 republiky (KDR) Kinshasy.","og_url":"https:\/\/www.magna.org\/cs\/zeme\/dr-kongo-cs\/zeny-a-deti-v-konzske-demokraticke-republice-nejsou-pred-nasilim-nikde-v-bezpeci\/","og_site_name":"Magna","article_published_time":"2025-08-14T13:58:10+00:00","article_modified_time":"2025-08-14T13:58:12+00:00","author":"Martin Band\u017e\u00e1k","twitter_card":"summary_large_image","twitter_title":"\u017deny a d\u011bti v Kon\u017esk\u00e9 demokratick\u00e9 republice nejsou p\u0159ed n\u00e1sil\u00edm nikde v bezpe\u010d\u00ed","twitter_description":"Ka\u017ed\u00fd t\u00fdden stovky ob\u011bt\u00ed, kter\u00e9 p\u0159e\u017eily sexu\u00e1ln\u00ed n\u00e1sil\u00ed, vyhled\u00e1vaj\u00ed p\u00e9\u010di ve zdravotnick\u00fdch st\u0159edisc\u00edch podporovan\u00fdch organizac\u00ed MAGNA v oblastech Kikongo a Bagata severov\u00fdchodn\u011b od hlavn\u00edho m\u011bsta Kon\u017esk\u00e9 demokratick\u00e9 republiky (KDR) Kinshasy.","twitter_misc":{"Written by":"Martin Band\u017e\u00e1k","Est. reading time":"3 minutes"},"schema":{"@context":"https:\/\/schema.org","@graph":[{"@type":"WebPage","@id":"https:\/\/www.magna.org\/cs\/zeme\/dr-kongo-cs\/zeny-a-deti-v-konzske-demokraticke-republice-nejsou-pred-nasilim-nikde-v-bezpeci\/","url":"https:\/\/www.magna.org\/cs\/zeme\/dr-kongo-cs\/zeny-a-deti-v-konzske-demokraticke-republice-nejsou-pred-nasilim-nikde-v-bezpeci\/","name":"\u017deny a d\u011bti v Kon\u017esk\u00e9 demokratick\u00e9 republice nejsou p\u0159ed n\u00e1sil\u00edm nikde v bezpe\u010d\u00ed - Magna","isPartOf":{"@id":"https:\/\/www.magna.org\/cs\/#website"},"primaryImageOfPage":{"@id":"https:\/\/www.magna.org\/cs\/zeme\/dr-kongo-cs\/zeny-a-deti-v-konzske-demokraticke-republice-nejsou-pred-nasilim-nikde-v-bezpeci\/#primaryimage"},"image":{"@id":"https:\/\/www.magna.org\/cs\/zeme\/dr-kongo-cs\/zeny-a-deti-v-konzske-demokraticke-republice-nejsou-pred-nasilim-nikde-v-bezpeci\/#primaryimage"},"thumbnailUrl":"https:\/\/www.magna.org\/cs\/wp-content\/uploads\/2025\/08\/cs.magna.org-zeny-a-deti-v-konzske-demokraticke-republice-nejsou-pred-nasilim-nikde-v-bezpeci-img-6638.heic","datePublished":"2025-08-14T13:58:10+00:00","dateModified":"2025-08-14T13:58:12+00:00","author":{"@id":"https:\/\/www.magna.org\/cs\/#\/schema\/person\/02734d054296381e3adbeee29b5e291b"},"breadcrumb":{"@id":"https:\/\/www.magna.org\/cs\/zeme\/dr-kongo-cs\/zeny-a-deti-v-konzske-demokraticke-republice-nejsou-pred-nasilim-nikde-v-bezpeci\/#breadcrumb"},"inLanguage":"en-US","potentialAction":[{"@type":"ReadAction","target":["https:\/\/www.magna.org\/cs\/zeme\/dr-kongo-cs\/zeny-a-deti-v-konzske-demokraticke-republice-nejsou-pred-nasilim-nikde-v-bezpeci\/"]}]},{"@type":"ImageObject","inLanguage":"en-US","@id":"https:\/\/www.magna.org\/cs\/zeme\/dr-kongo-cs\/zeny-a-deti-v-konzske-demokraticke-republice-nejsou-pred-nasilim-nikde-v-bezpeci\/#primaryimage","url":"https:\/\/www.magna.org\/cs\/wp-content\/uploads\/2025\/08\/cs.magna.org-zeny-a-deti-v-konzske-demokraticke-republice-nejsou-pred-nasilim-nikde-v-bezpeci-img-6638.heic","contentUrl":"https:\/\/www.magna.org\/cs\/wp-content\/uploads\/2025\/08\/cs.magna.org-zeny-a-deti-v-konzske-demokraticke-republice-nejsou-pred-nasilim-nikde-v-bezpeci-img-6638.heic"},{"@type":"BreadcrumbList","@id":"https:\/\/www.magna.org\/cs\/zeme\/dr-kongo-cs\/zeny-a-deti-v-konzske-demokraticke-republice-nejsou-pred-nasilim-nikde-v-bezpeci\/#breadcrumb","itemListElement":[{"@type":"ListItem","position":1,"name":"Home","item":"https:\/\/www.magna.org\/cs\/"},{"@type":"ListItem","position":2,"name":"\u017deny a d\u011bti v Kon\u017esk\u00e9 demokratick\u00e9 republice nejsou p\u0159ed n\u00e1sil\u00edm nikde v bezpe\u010d\u00ed"}]},{"@type":"WebSite","@id":"https:\/\/www.magna.org\/cs\/#website","url":"https:\/\/www.magna.org\/cs\/","name":"Magna","description":"Just another WordPress site","potentialAction":[{"@type":"SearchAction","target":{"@type":"EntryPoint","urlTemplate":"https:\/\/www.magna.org\/cs\/?s={search_term_string}"},"query-input":{"@type":"PropertyValueSpecification","valueRequired":true,"valueName":"search_term_string"}}],"inLanguage":"en-US"},{"@type":"Person","@id":"https:\/\/www.magna.org\/cs\/#\/schema\/person\/02734d054296381e3adbeee29b5e291b","name":"Martin Band\u017e\u00e1k","image":{"@type":"ImageObject","inLanguage":"en-US","@id":"https:\/\/www.magna.org\/cs\/#\/schema\/person\/image\/","url":"https:\/\/secure.gravatar.com\/avatar\/c48678daf250d326987444888ba874b15d966557659590ee15699486b7e120b3?s=96&d=mm&r=g","contentUrl":"https:\/\/secure.gravatar.com\/avatar\/c48678daf250d326987444888ba874b15d966557659590ee15699486b7e120b3?s=96&d=mm&r=g","caption":"Martin Band\u017e\u00e1k"},"url":"https:\/\/www.magna.org\/cs\/author\/bandzak\/"}]}},"_links":{"self":[{"href":"https:\/\/www.magna.org\/cs\/wp-json\/wp\/v2\/posts\/13758","targetHints":{"allow":["GET"]}}],"collection":[{"href":"https:\/\/www.magna.org\/cs\/wp-json\/wp\/v2\/posts"}],"about":[{"href":"https:\/\/www.magna.org\/cs\/wp-json\/wp\/v2\/types\/post"}],"author":[{"embeddable":true,"href":"https:\/\/www.magna.org\/cs\/wp-json\/wp\/v2\/users\/4"}],"replies":[{"embeddable":true,"href":"https:\/\/www.magna.org\/cs\/wp-json\/wp\/v2\/comments?post=13758"}],"version-history":[{"count":1,"href":"https:\/\/www.magna.org\/cs\/wp-json\/wp\/v2\/posts\/13758\/revisions"}],"predecessor-version":[{"id":13762,"href":"https:\/\/www.magna.org\/cs\/wp-json\/wp\/v2\/posts\/13758\/revisions\/13762"}],"wp:featuredmedia":[{"embeddable":true,"href":"https:\/\/www.magna.org\/cs\/wp-json\/wp\/v2\/media\/13761"}],"wp:attachment":[{"href":"https:\/\/www.magna.org\/cs\/wp-json\/wp\/v2\/media?parent=13758"}],"wp:term":[{"taxonomy":"category","embeddable":true,"href":"https:\/\/www.magna.org\/cs\/wp-json\/wp\/v2\/categories?post=13758"},{"taxonomy":"post_tag","embeddable":true,"href":"https:\/\/www.magna.org\/cs\/wp-json\/wp\/v2\/tags?post=13758"},{"taxonomy":"post_country","embeddable":true,"href":"https:\/\/www.magna.org\/cs\/wp-json\/wp\/v2\/post_country?post=13758"},{"taxonomy":"post_year","embeddable":true,"href":"https:\/\/www.magna.org\/cs\/wp-json\/wp\/v2\/post_year?post=13758"},{"taxonomy":"post_layout","embeddable":true,"href":"https:\/\/www.magna.org\/cs\/wp-json\/wp\/v2\/post_layout?post=13758"},{"taxonomy":"post_topic","embeddable":true,"href":"https:\/\/www.magna.org\/cs\/wp-json\/wp\/v2\/post_topic?post=13758"}],"curies":[{"name":"wp","href":"https:\/\/api.w.org\/{rel}","templated":true}]}}