{"id":13768,"date":"2025-09-01T09:29:59","date_gmt":"2025-09-01T09:29:59","guid":{"rendered":"https:\/\/www.magna.org\/cs\/?p=13768"},"modified":"2025-09-01T10:39:54","modified_gmt":"2025-09-01T10:39:54","slug":"zemetreseni-v-afghanistanu-stovky-obeti-a-jeste-vice-zranenych","status":"publish","type":"post","link":"https:\/\/www.magna.org\/cs\/zeme\/afganistan-cs\/zemetreseni-v-afghanistanu-stovky-obeti-a-jeste-vice-zranenych\/","title":{"rendered":"Zem\u011bt\u0159esen\u00ed v Afgh\u00e1nist\u00e1nu: stovky ob\u011bt\u00ed a je\u0161t\u011b v\u00edce zran\u011bn\u00fdch."},"content":{"rendered":"<div class=\"e-content-text\"><div class=\"e-content-text__inner\">\n<p>Zem\u011bt\u0159esen\u00ed s magnitudou 6,0 zas\u00e1hlo v\u00fdchodn\u00ed Afgh\u00e1nist\u00e1n v noci z ned\u011ble na pond\u011bl\u00ed. Informace o ob\u011btech a \u0161kod\u00e1ch st\u00e1le p\u0159ib\u00fdvaj\u00ed. P\u0159edpokl\u00e1d\u00e1 se, \u017ee v\u011bt\u0161ina dom\u016f je po\u0161kozena v \u00fadol\u00ed Mazar v okrese Norgal v provincii Kunar, kter\u00e1 hrani\u010d\u00ed s P\u00e1kist\u00e1nem. Zasa\u017een\u00e9 oblasti jsou tak\u00e9 Langhman a Nangrahar.<\/p>\n<\/div><\/div>\n\n<div class=\"e-content-text\"><div class=\"e-content-text__inner\">\n<p>Vzhledem k rozsahu zem\u011bt\u0159esen\u00ed m\u016f\u017ee b\u00fdt dopad na lidi zni\u010duj\u00edc\u00ed, zejm\u00e9na pro ty, kte\u0159\u00ed pot\u0159ebuj\u00ed okam\u017eitou pomoc p\u0159i z\u00e1chran\u011b \u017eivota. M\u00e1me tak\u00e9 obavy o ty, kte\u0159\u00ed budou zraniteln\u00ed po ztr\u00e1t\u011b domova, p\u0159\u00edstupu k v\u0161eobecn\u00e9 zdravotn\u00ed p\u00e9\u010di a z\u00e1kladn\u00edm pot\u0159eb\u00e1m, jako je p\u0159\u00edstup k pitn\u00e9 vod\u011b.<\/p>\n<\/div><\/div>\n\n<section class=\"s-button hc-section-space--normal\">\n    <div class=\"s-button__inner\">\n        <a href=\"https:\/\/www.magna.org\/cs\/pomozte\/zemetreseni-v-afghanistanu\/\" class=\"e-btn e-btn--dark e-btn--large\" target=\"\">Chci darovat<\/a>\n    <\/div>\n<\/section>\n\n<div class=\"e-content-text\"><div class=\"e-content-text__inner\">\n<p><strong>T\u00fdmy MAGNA jsou na m\u00edst\u011b a moment\u00e1ln\u011b zji\u0161\u0165ujeme akutn\u00ed pot\u0159eby. Jen d\u00edky d\u00e1rc\u016fm jako jste i vy dok\u00e1\u017eeme na katastrofy rychle a efektivn\u011b reagovat. Pokud m\u016f\u017eete, pros\u00edme, darujte tady a te\u010f.<\/strong><\/p>\n<\/div><\/div>\n\n<div class=\"e-content-text\"><div class=\"e-content-text__inner\">\n<p class=\"has-text-align-center has-luminous-vivid-amber-background-color has-background\"><strong>Dary m\u016f\u017eete poslat tak\u00e9 p\u0159\u00edmo na \u00fa\u010det ve\u0159ejn\u00e9 sb\u00edrky.<br>7685069001\/5500<\/strong><\/p>\n<\/div><\/div>\n\n<div class=\"e-content-media e-content-media--sm\">\n    <div class=\"e-content-media__frame\">\n        <iframe loading=\"lazy\" width=\"560\" height=\"315\" src=\"https:\/\/www.youtube.com\/embed\/eWFcmLo1gTQ?si=uSRPkPy7a_IUcwd8\" title=\"YouTube video player\" frameborder=\"0\" allow=\"accelerometer; autoplay; clipboard-write; encrypted-media; gyroscope; picture-in-picture\" allowfullscreen><\/iframe>\n    <\/div>\n    <div class=\"e-content-media__caption\">Martin Band\u017e\u00e1k o aktu\u00e1ln\u00ed situaci v Afgh\u00e1nist\u00e1nu.<\/div>\n<\/div>\n\n<div class=\"e-content-media e-content-media--md\">\n            <img loading=\"lazy\" decoding=\"async\" width=\"1058\" height=\"907\" src=\"https:\/\/www.magna.org\/cs\/wp-content\/uploads\/2025\/09\/cs.magna.org-zemetreseni-v-afghanistanu-stovky-obeti-a-jeste-vice-zranenych-img-0716-1058x907.jpeg\" class=\"attachment-magna-md size-magna-md\" alt=\"\" srcset=\"https:\/\/www.magna.org\/cs\/wp-content\/uploads\/2025\/09\/cs.magna.org-zemetreseni-v-afghanistanu-stovky-obeti-a-jeste-vice-zranenych-img-0716-1058x907.jpeg 1058w, https:\/\/www.magna.org\/cs\/wp-content\/uploads\/2025\/09\/cs.magna.org-zemetreseni-v-afghanistanu-stovky-obeti-a-jeste-vice-zranenych-img-0716-300x257.jpeg 300w, https:\/\/www.magna.org\/cs\/wp-content\/uploads\/2025\/09\/cs.magna.org-zemetreseni-v-afghanistanu-stovky-obeti-a-jeste-vice-zranenych-img-0716-1024x878.jpeg 1024w, https:\/\/www.magna.org\/cs\/wp-content\/uploads\/2025\/09\/cs.magna.org-zemetreseni-v-afghanistanu-stovky-obeti-a-jeste-vice-zranenych-img-0716-768x658.jpeg 768w, https:\/\/www.magna.org\/cs\/wp-content\/uploads\/2025\/09\/cs.magna.org-zemetreseni-v-afghanistanu-stovky-obeti-a-jeste-vice-zranenych-img-0716-1536x1317.jpeg 1536w, https:\/\/www.magna.org\/cs\/wp-content\/uploads\/2025\/09\/cs.magna.org-zemetreseni-v-afghanistanu-stovky-obeti-a-jeste-vice-zranenych-img-0716-2048x1755.jpeg 2048w, https:\/\/www.magna.org\/cs\/wp-content\/uploads\/2025\/09\/cs.magna.org-zemetreseni-v-afghanistanu-stovky-obeti-a-jeste-vice-zranenych-img-0716-552x473.jpeg 552w, https:\/\/www.magna.org\/cs\/wp-content\/uploads\/2025\/09\/cs.magna.org-zemetreseni-v-afghanistanu-stovky-obeti-a-jeste-vice-zranenych-img-0716-384x329.jpeg 384w, https:\/\/www.magna.org\/cs\/wp-content\/uploads\/2025\/09\/cs.magna.org-zemetreseni-v-afghanistanu-stovky-obeti-a-jeste-vice-zranenych-img-0716-676x579.jpeg 676w, https:\/\/www.magna.org\/cs\/wp-content\/uploads\/2025\/09\/cs.magna.org-zemetreseni-v-afghanistanu-stovky-obeti-a-jeste-vice-zranenych-img-0716-1352x1159.jpeg 1352w, https:\/\/www.magna.org\/cs\/wp-content\/uploads\/2025\/09\/cs.magna.org-zemetreseni-v-afghanistanu-stovky-obeti-a-jeste-vice-zranenych-img-0716-1920x1646.jpeg 1920w\" sizes=\"auto, (max-width: 1058px) 100vw, 1058px\" \/>\n<\/div>\n\n<div class=\"e-content-text\"><div class=\"e-content-text__inner\">\n<h2 class=\"wp-block-heading\">MAGNA v Afgh\u00e1nist\u00e1nu<\/h2>\n<\/div><\/div>\n\n<div class=\"e-content-text\"><div class=\"e-content-text__inner\">\n<p>MAGNA se v Afgh\u00e1nist\u00e1nu zam\u011b\u0159uje na l\u00e9\u010dbu d\u011bt\u00ed pro zdravotn\u00ed p\u00e9\u010di o matky. Afgh\u00e1nist\u00e1n m\u00e1 jednu z nejvy\u0161\u0161\u00edch \u00famrtnosti matek na sv\u011bt\u011b. D\u011btsk\u00e1 podv\u00fd\u017eiva je jedn\u00edm z aktu\u00e1ln\u011b nejv\u00fdrazn\u011bj\u0161\u00edch probl\u00e9m\u016f v zemi, kter\u00e1 z\u00e1rove\u0148 \u010del\u00ed \u010dast\u00fdm p\u0159\u00edrodn\u00edm katastrof\u00e1m jako je i aktu\u00e1ln\u00ed zem\u011bt\u0159esen\u00ed v provincii Kunar. MAGNA disponuje v zemi specializovan\u00fdm nouzov\u00fdm t\u00fdmem a z\u00e1sobami l\u00e9k\u016f a zdravotnick\u00e9ho materi\u00e1lu, kter\u00fd je pot\u0159ebn\u00fd pro takov\u00e9 nouzov\u00e9 situace.<\/p>\n<\/div><\/div>","protected":false},"excerpt":{"rendered":"<p>Zem\u011bt\u0159esen\u00ed s magnitudou 6,0 zas\u00e1hlo v\u00fdchodn\u00ed Afgh\u00e1nist\u00e1n v noci z ned\u011ble na pond\u011bl\u00ed. Informace o ob\u011btech a \u0161kod\u00e1ch st\u00e1le p\u0159ib\u00fdvaj\u00ed. P\u0159edpokl\u00e1d\u00e1 se, \u017ee v\u011bt\u0161ina dom\u016f je po\u0161kozena v \u00fadol\u00ed Mazar v okrese Norgal v provincii Kunar, kter\u00e1 hrani\u010d\u00ed s P\u00e1kist\u00e1nem. Zasa\u017een\u00e9 oblasti jsou tak\u00e9 Langhman a Nangrahar. Vzhledem k rozsahu zem\u011bt\u0159esen\u00ed m\u016f\u017ee b\u00fdt dopad na [&hellip;]<\/p>\n","protected":false},"author":4,"featured_media":13769,"comment_status":"closed","ping_status":"closed","sticky":false,"template":"","format":"standard","meta":{"_acf_changed":false,"inline_featured_image":false,"footnotes":""},"categories":[444],"tags":[],"post_country":[1010],"post_year":[1005],"post_layout":[551],"post_topic":[],"class_list":["post-13768","post","type-post","status-publish","format-standard","has-post-thumbnail","hentry","category-afganistan-cs","post_country-afganistan-cs","post_year-1005","post_layout-tiskova-zprava"],"acf":[],"yoast_head":"<!-- This site is optimized with the Yoast SEO plugin v24.3 - https:\/\/yoast.com\/wordpress\/plugins\/seo\/ -->\n<title>Zem\u011bt\u0159esen\u00ed v Afgh\u00e1nist\u00e1nu: stovky ob\u011bt\u00ed a je\u0161t\u011b v\u00edce zran\u011bn\u00fdch. - Magna<\/title>\n<meta name=\"robots\" content=\"index, follow, max-snippet:-1, max-image-preview:large, max-video-preview:-1\" \/>\n<link rel=\"canonical\" href=\"https:\/\/www.magna.org\/cs\/zeme\/afganistan-cs\/zemetreseni-v-afghanistanu-stovky-obeti-a-jeste-vice-zranenych\/\" \/>\n<meta property=\"og:locale\" content=\"en_US\" \/>\n<meta property=\"og:type\" content=\"article\" \/>\n<meta property=\"og:title\" content=\"Zem\u011bt\u0159esen\u00ed v Afgh\u00e1nist\u00e1nu: stovky ob\u011bt\u00ed a je\u0161t\u011b v\u00edce zran\u011bn\u00fdch. - Magna\" \/>\n<meta property=\"og:description\" content=\"Zem\u011bt\u0159esen\u00ed s magnitudou 6,0 zas\u00e1hlo v\u00fdchodn\u00ed Afgh\u00e1nist\u00e1n v noci z ned\u011ble na pond\u011bl\u00ed. Informace o ob\u011btech a \u0161kod\u00e1ch st\u00e1le p\u0159ib\u00fdvaj\u00ed. P\u0159edpokl\u00e1d\u00e1 se, \u017ee v\u011bt\u0161ina dom\u016f je po\u0161kozena v \u00fadol\u00ed Mazar v okrese Norgal v provincii Kunar, kter\u00e1 hrani\u010d\u00ed s P\u00e1kist\u00e1nem. Zasa\u017een\u00e9 oblasti jsou tak\u00e9 Langhman a Nangrahar. Vzhledem k rozsahu zem\u011bt\u0159esen\u00ed m\u016f\u017ee b\u00fdt dopad na [&hellip;]\" \/>\n<meta property=\"og:url\" content=\"https:\/\/www.magna.org\/cs\/zeme\/afganistan-cs\/zemetreseni-v-afghanistanu-stovky-obeti-a-jeste-vice-zranenych\/\" \/>\n<meta property=\"og:site_name\" content=\"Magna\" \/>\n<meta property=\"article:published_time\" content=\"2025-09-01T09:29:59+00:00\" \/>\n<meta property=\"article:modified_time\" content=\"2025-09-01T10:39:54+00:00\" \/>\n<meta property=\"og:image\" content=\"https:\/\/www.magna.org\/cs\/wp-content\/uploads\/2025\/09\/cs.magna.org-zemetreseni-v-afghanistanu-stovky-obeti-a-jeste-vice-zranenych-photo-2025-09-01-09-26-42.jpg\" \/>\n\t<meta property=\"og:image:width\" content=\"1020\" \/>\n\t<meta property=\"og:image:height\" content=\"459\" \/>\n\t<meta property=\"og:image:type\" content=\"image\/jpeg\" \/>\n<meta name=\"author\" content=\"Martin Band\u017e\u00e1k\" \/>\n<meta name=\"twitter:card\" content=\"summary_large_image\" \/>\n<meta name=\"twitter:label1\" content=\"Written by\" \/>\n\t<meta name=\"twitter:data1\" content=\"Martin Band\u017e\u00e1k\" \/>\n\t<meta name=\"twitter:label2\" content=\"Est. reading time\" \/>\n\t<meta name=\"twitter:data2\" content=\"2 minutes\" \/>\n<script type=\"application\/ld+json\" class=\"yoast-schema-graph\">{\"@context\":\"https:\/\/schema.org\",\"@graph\":[{\"@type\":\"WebPage\",\"@id\":\"https:\/\/www.magna.org\/cs\/zeme\/afganistan-cs\/zemetreseni-v-afghanistanu-stovky-obeti-a-jeste-vice-zranenych\/\",\"url\":\"https:\/\/www.magna.org\/cs\/zeme\/afganistan-cs\/zemetreseni-v-afghanistanu-stovky-obeti-a-jeste-vice-zranenych\/\",\"name\":\"Zem\u011bt\u0159esen\u00ed v Afgh\u00e1nist\u00e1nu: stovky ob\u011bt\u00ed a je\u0161t\u011b v\u00edce zran\u011bn\u00fdch. - Magna\",\"isPartOf\":{\"@id\":\"https:\/\/www.magna.org\/cs\/#website\"},\"primaryImageOfPage\":{\"@id\":\"https:\/\/www.magna.org\/cs\/zeme\/afganistan-cs\/zemetreseni-v-afghanistanu-stovky-obeti-a-jeste-vice-zranenych\/#primaryimage\"},\"image\":{\"@id\":\"https:\/\/www.magna.org\/cs\/zeme\/afganistan-cs\/zemetreseni-v-afghanistanu-stovky-obeti-a-jeste-vice-zranenych\/#primaryimage\"},\"thumbnailUrl\":\"https:\/\/www.magna.org\/cs\/wp-content\/uploads\/2025\/09\/cs.magna.org-zemetreseni-v-afghanistanu-stovky-obeti-a-jeste-vice-zranenych-photo-2025-09-01-09-26-42.jpg\",\"datePublished\":\"2025-09-01T09:29:59+00:00\",\"dateModified\":\"2025-09-01T10:39:54+00:00\",\"author\":{\"@id\":\"https:\/\/www.magna.org\/cs\/#\/schema\/person\/02734d054296381e3adbeee29b5e291b\"},\"breadcrumb\":{\"@id\":\"https:\/\/www.magna.org\/cs\/zeme\/afganistan-cs\/zemetreseni-v-afghanistanu-stovky-obeti-a-jeste-vice-zranenych\/#breadcrumb\"},\"inLanguage\":\"en-US\",\"potentialAction\":[{\"@type\":\"ReadAction\",\"target\":[\"https:\/\/www.magna.org\/cs\/zeme\/afganistan-cs\/zemetreseni-v-afghanistanu-stovky-obeti-a-jeste-vice-zranenych\/\"]}]},{\"@type\":\"ImageObject\",\"inLanguage\":\"en-US\",\"@id\":\"https:\/\/www.magna.org\/cs\/zeme\/afganistan-cs\/zemetreseni-v-afghanistanu-stovky-obeti-a-jeste-vice-zranenych\/#primaryimage\",\"url\":\"https:\/\/www.magna.org\/cs\/wp-content\/uploads\/2025\/09\/cs.magna.org-zemetreseni-v-afghanistanu-stovky-obeti-a-jeste-vice-zranenych-photo-2025-09-01-09-26-42.jpg\",\"contentUrl\":\"https:\/\/www.magna.org\/cs\/wp-content\/uploads\/2025\/09\/cs.magna.org-zemetreseni-v-afghanistanu-stovky-obeti-a-jeste-vice-zranenych-photo-2025-09-01-09-26-42.jpg\",\"width\":1020,\"height\":459},{\"@type\":\"BreadcrumbList\",\"@id\":\"https:\/\/www.magna.org\/cs\/zeme\/afganistan-cs\/zemetreseni-v-afghanistanu-stovky-obeti-a-jeste-vice-zranenych\/#breadcrumb\",\"itemListElement\":[{\"@type\":\"ListItem\",\"position\":1,\"name\":\"Home\",\"item\":\"https:\/\/www.magna.org\/cs\/\"},{\"@type\":\"ListItem\",\"position\":2,\"name\":\"Zem\u011bt\u0159esen\u00ed v Afgh\u00e1nist\u00e1nu: stovky ob\u011bt\u00ed a je\u0161t\u011b v\u00edce zran\u011bn\u00fdch.\"}]},{\"@type\":\"WebSite\",\"@id\":\"https:\/\/www.magna.org\/cs\/#website\",\"url\":\"https:\/\/www.magna.org\/cs\/\",\"name\":\"Magna\",\"description\":\"Just another WordPress site\",\"potentialAction\":[{\"@type\":\"SearchAction\",\"target\":{\"@type\":\"EntryPoint\",\"urlTemplate\":\"https:\/\/www.magna.org\/cs\/?s={search_term_string}\"},\"query-input\":{\"@type\":\"PropertyValueSpecification\",\"valueRequired\":true,\"valueName\":\"search_term_string\"}}],\"inLanguage\":\"en-US\"},{\"@type\":\"Person\",\"@id\":\"https:\/\/www.magna.org\/cs\/#\/schema\/person\/02734d054296381e3adbeee29b5e291b\",\"name\":\"Martin Band\u017e\u00e1k\",\"image\":{\"@type\":\"ImageObject\",\"inLanguage\":\"en-US\",\"@id\":\"https:\/\/www.magna.org\/cs\/#\/schema\/person\/image\/\",\"url\":\"https:\/\/secure.gravatar.com\/avatar\/c48678daf250d326987444888ba874b15d966557659590ee15699486b7e120b3?s=96&d=mm&r=g\",\"contentUrl\":\"https:\/\/secure.gravatar.com\/avatar\/c48678daf250d326987444888ba874b15d966557659590ee15699486b7e120b3?s=96&d=mm&r=g\",\"caption\":\"Martin Band\u017e\u00e1k\"},\"url\":\"https:\/\/www.magna.org\/cs\/author\/bandzak\/\"}]}<\/script>\n<!-- \/ Yoast SEO plugin. -->","yoast_head_json":{"title":"Zem\u011bt\u0159esen\u00ed v Afgh\u00e1nist\u00e1nu: stovky ob\u011bt\u00ed a je\u0161t\u011b v\u00edce zran\u011bn\u00fdch. - Magna","robots":{"index":"index","follow":"follow","max-snippet":"max-snippet:-1","max-image-preview":"max-image-preview:large","max-video-preview":"max-video-preview:-1"},"canonical":"https:\/\/www.magna.org\/cs\/zeme\/afganistan-cs\/zemetreseni-v-afghanistanu-stovky-obeti-a-jeste-vice-zranenych\/","og_locale":"en_US","og_type":"article","og_title":"Zem\u011bt\u0159esen\u00ed v Afgh\u00e1nist\u00e1nu: stovky ob\u011bt\u00ed a je\u0161t\u011b v\u00edce zran\u011bn\u00fdch. - Magna","og_description":"Zem\u011bt\u0159esen\u00ed s magnitudou 6,0 zas\u00e1hlo v\u00fdchodn\u00ed Afgh\u00e1nist\u00e1n v noci z ned\u011ble na pond\u011bl\u00ed. Informace o ob\u011btech a \u0161kod\u00e1ch st\u00e1le p\u0159ib\u00fdvaj\u00ed. P\u0159edpokl\u00e1d\u00e1 se, \u017ee v\u011bt\u0161ina dom\u016f je po\u0161kozena v \u00fadol\u00ed Mazar v okrese Norgal v provincii Kunar, kter\u00e1 hrani\u010d\u00ed s P\u00e1kist\u00e1nem. Zasa\u017een\u00e9 oblasti jsou tak\u00e9 Langhman a Nangrahar. Vzhledem k rozsahu zem\u011bt\u0159esen\u00ed m\u016f\u017ee b\u00fdt dopad na [&hellip;]","og_url":"https:\/\/www.magna.org\/cs\/zeme\/afganistan-cs\/zemetreseni-v-afghanistanu-stovky-obeti-a-jeste-vice-zranenych\/","og_site_name":"Magna","article_published_time":"2025-09-01T09:29:59+00:00","article_modified_time":"2025-09-01T10:39:54+00:00","og_image":[{"width":1020,"height":459,"url":"https:\/\/www.magna.org\/cs\/wp-content\/uploads\/2025\/09\/cs.magna.org-zemetreseni-v-afghanistanu-stovky-obeti-a-jeste-vice-zranenych-photo-2025-09-01-09-26-42.jpg","type":"image\/jpeg"}],"author":"Martin Band\u017e\u00e1k","twitter_card":"summary_large_image","twitter_misc":{"Written by":"Martin Band\u017e\u00e1k","Est. reading time":"2 minutes"},"schema":{"@context":"https:\/\/schema.org","@graph":[{"@type":"WebPage","@id":"https:\/\/www.magna.org\/cs\/zeme\/afganistan-cs\/zemetreseni-v-afghanistanu-stovky-obeti-a-jeste-vice-zranenych\/","url":"https:\/\/www.magna.org\/cs\/zeme\/afganistan-cs\/zemetreseni-v-afghanistanu-stovky-obeti-a-jeste-vice-zranenych\/","name":"Zem\u011bt\u0159esen\u00ed v Afgh\u00e1nist\u00e1nu: stovky ob\u011bt\u00ed a je\u0161t\u011b v\u00edce zran\u011bn\u00fdch. - Magna","isPartOf":{"@id":"https:\/\/www.magna.org\/cs\/#website"},"primaryImageOfPage":{"@id":"https:\/\/www.magna.org\/cs\/zeme\/afganistan-cs\/zemetreseni-v-afghanistanu-stovky-obeti-a-jeste-vice-zranenych\/#primaryimage"},"image":{"@id":"https:\/\/www.magna.org\/cs\/zeme\/afganistan-cs\/zemetreseni-v-afghanistanu-stovky-obeti-a-jeste-vice-zranenych\/#primaryimage"},"thumbnailUrl":"https:\/\/www.magna.org\/cs\/wp-content\/uploads\/2025\/09\/cs.magna.org-zemetreseni-v-afghanistanu-stovky-obeti-a-jeste-vice-zranenych-photo-2025-09-01-09-26-42.jpg","datePublished":"2025-09-01T09:29:59+00:00","dateModified":"2025-09-01T10:39:54+00:00","author":{"@id":"https:\/\/www.magna.org\/cs\/#\/schema\/person\/02734d054296381e3adbeee29b5e291b"},"breadcrumb":{"@id":"https:\/\/www.magna.org\/cs\/zeme\/afganistan-cs\/zemetreseni-v-afghanistanu-stovky-obeti-a-jeste-vice-zranenych\/#breadcrumb"},"inLanguage":"en-US","potentialAction":[{"@type":"ReadAction","target":["https:\/\/www.magna.org\/cs\/zeme\/afganistan-cs\/zemetreseni-v-afghanistanu-stovky-obeti-a-jeste-vice-zranenych\/"]}]},{"@type":"ImageObject","inLanguage":"en-US","@id":"https:\/\/www.magna.org\/cs\/zeme\/afganistan-cs\/zemetreseni-v-afghanistanu-stovky-obeti-a-jeste-vice-zranenych\/#primaryimage","url":"https:\/\/www.magna.org\/cs\/wp-content\/uploads\/2025\/09\/cs.magna.org-zemetreseni-v-afghanistanu-stovky-obeti-a-jeste-vice-zranenych-photo-2025-09-01-09-26-42.jpg","contentUrl":"https:\/\/www.magna.org\/cs\/wp-content\/uploads\/2025\/09\/cs.magna.org-zemetreseni-v-afghanistanu-stovky-obeti-a-jeste-vice-zranenych-photo-2025-09-01-09-26-42.jpg","width":1020,"height":459},{"@type":"BreadcrumbList","@id":"https:\/\/www.magna.org\/cs\/zeme\/afganistan-cs\/zemetreseni-v-afghanistanu-stovky-obeti-a-jeste-vice-zranenych\/#breadcrumb","itemListElement":[{"@type":"ListItem","position":1,"name":"Home","item":"https:\/\/www.magna.org\/cs\/"},{"@type":"ListItem","position":2,"name":"Zem\u011bt\u0159esen\u00ed v Afgh\u00e1nist\u00e1nu: stovky ob\u011bt\u00ed a je\u0161t\u011b v\u00edce zran\u011bn\u00fdch."}]},{"@type":"WebSite","@id":"https:\/\/www.magna.org\/cs\/#website","url":"https:\/\/www.magna.org\/cs\/","name":"Magna","description":"Just another WordPress site","potentialAction":[{"@type":"SearchAction","target":{"@type":"EntryPoint","urlTemplate":"https:\/\/www.magna.org\/cs\/?s={search_term_string}"},"query-input":{"@type":"PropertyValueSpecification","valueRequired":true,"valueName":"search_term_string"}}],"inLanguage":"en-US"},{"@type":"Person","@id":"https:\/\/www.magna.org\/cs\/#\/schema\/person\/02734d054296381e3adbeee29b5e291b","name":"Martin Band\u017e\u00e1k","image":{"@type":"ImageObject","inLanguage":"en-US","@id":"https:\/\/www.magna.org\/cs\/#\/schema\/person\/image\/","url":"https:\/\/secure.gravatar.com\/avatar\/c48678daf250d326987444888ba874b15d966557659590ee15699486b7e120b3?s=96&d=mm&r=g","contentUrl":"https:\/\/secure.gravatar.com\/avatar\/c48678daf250d326987444888ba874b15d966557659590ee15699486b7e120b3?s=96&d=mm&r=g","caption":"Martin Band\u017e\u00e1k"},"url":"https:\/\/www.magna.org\/cs\/author\/bandzak\/"}]}},"_links":{"self":[{"href":"https:\/\/www.magna.org\/cs\/wp-json\/wp\/v2\/posts\/13768","targetHints":{"allow":["GET"]}}],"collection":[{"href":"https:\/\/www.magna.org\/cs\/wp-json\/wp\/v2\/posts"}],"about":[{"href":"https:\/\/www.magna.org\/cs\/wp-json\/wp\/v2\/types\/post"}],"author":[{"embeddable":true,"href":"https:\/\/www.magna.org\/cs\/wp-json\/wp\/v2\/users\/4"}],"replies":[{"embeddable":true,"href":"https:\/\/www.magna.org\/cs\/wp-json\/wp\/v2\/comments?post=13768"}],"version-history":[{"count":5,"href":"https:\/\/www.magna.org\/cs\/wp-json\/wp\/v2\/posts\/13768\/revisions"}],"predecessor-version":[{"id":13780,"href":"https:\/\/www.magna.org\/cs\/wp-json\/wp\/v2\/posts\/13768\/revisions\/13780"}],"wp:featuredmedia":[{"embeddable":true,"href":"https:\/\/www.magna.org\/cs\/wp-json\/wp\/v2\/media\/13769"}],"wp:attachment":[{"href":"https:\/\/www.magna.org\/cs\/wp-json\/wp\/v2\/media?parent=13768"}],"wp:term":[{"taxonomy":"category","embeddable":true,"href":"https:\/\/www.magna.org\/cs\/wp-json\/wp\/v2\/categories?post=13768"},{"taxonomy":"post_tag","embeddable":true,"href":"https:\/\/www.magna.org\/cs\/wp-json\/wp\/v2\/tags?post=13768"},{"taxonomy":"post_country","embeddable":true,"href":"https:\/\/www.magna.org\/cs\/wp-json\/wp\/v2\/post_country?post=13768"},{"taxonomy":"post_year","embeddable":true,"href":"https:\/\/www.magna.org\/cs\/wp-json\/wp\/v2\/post_year?post=13768"},{"taxonomy":"post_layout","embeddable":true,"href":"https:\/\/www.magna.org\/cs\/wp-json\/wp\/v2\/post_layout?post=13768"},{"taxonomy":"post_topic","embeddable":true,"href":"https:\/\/www.magna.org\/cs\/wp-json\/wp\/v2\/post_topic?post=13768"}],"curies":[{"name":"wp","href":"https:\/\/api.w.org\/{rel}","templated":true}]}}