{"id":13826,"date":"2026-04-30T11:08:38","date_gmt":"2026-04-30T11:08:38","guid":{"rendered":"https:\/\/www.magna.org\/cs\/?p=13826"},"modified":"2026-04-30T11:21:08","modified_gmt":"2026-04-30T11:21:08","slug":"magna-vyhlasuje-zbierku-na-pomoc-obetiam-eskalacie-napatia-na-blizkom-vychode-a-afganistane","status":"publish","type":"post","link":"https:\/\/www.magna.org\/cs\/zeme\/magna-vyhlasuje-zbierku-na-pomoc-obetiam-eskalacie-napatia-na-blizkom-vychode-a-afganistane\/","title":{"rendered":"MAGNA vyhla\u0161uje sb\u00edrku na pomoc ob\u011btem eskalace nap\u011bt\u00ed na Bl\u00edzk\u00e9m v\u00fdchod\u011b a Afgh\u00e1nist\u00e1nu."},"content":{"rendered":"<div class=\"e-content-text\"><div class=\"e-content-text__inner\">\n<p><strong>MAGNA t\u00fdmy p\u0159es 10 let poskytuj\u00ed humanit\u00e1rn\u00ed zdravotnickou pomoc v Libanonu, S\u00fdrii, Ir\u00e1ku a Afgh\u00e1nist\u00e1nu. Eskalace nap\u011bt\u00ed v regionu je zni\u010duj\u00edc\u00ed zejm\u00e9na pro ty, kte\u0159\u00ed \u017eij\u00ed v nejist\u00fdch podm\u00ednk\u00e1ch. Vid\u00edme tis\u00edce lid\u00ed, kte\u0159\u00ed prchaj\u00ed ze sv\u00fdch domov\u016f, d\u011bti ohro\u017een\u00e9 hladem. Pomozme jim.<\/strong><\/p>\n<\/div><\/div>\n\n<div class=\"e-content-media e-content-media--sm\">\n    <div class=\"e-content-media__frame\">\n        <iframe loading=\"lazy\" width=\"560\" height=\"315\" src=\"https:\/\/www.youtube.com\/embed\/\/bkpx-aby75s?feature=share\" title=\"YouTube video player\" frameborder=\"0\" allow=\"accelerometer; autoplay; clipboard-write; encrypted-media; gyroscope; picture-in-picture\" allowfullscreen><\/iframe>\n    <\/div>\n    <div class=\"e-content-media__caption\">Martin Bandzak o situaci na Bl\u00edzk\u00e9m v\u00fdchod\u011b a mo\u017enosti pomoci<\/div>\n<\/div>\n\n<section class=\"s-button hc-section-space--normal\">\n    <div class=\"s-button__inner\">\n        <a href=\"http:\/\/www.magna.org\/cs\/pomozte\/fond-urgentni-pomoci\" class=\"e-btn e-btn--primary e-btn--large\" target=\"\">CHCI P\u0158ISP\u011aT<\/a>\n    <\/div>\n<\/section>\n\n<div class=\"e-content-cite\">\n    <blockquote class=\"e-content-cite__wrap\">\n        <div class=\"e-content-cite__text\">V roce 2024 jsem byla na vlastn\u00ed o\u010di sv\u011bdkem hr\u016fz konfliktu, p\u0159esouvala jsem n\u00e1\u0161 t\u00fdm a pacienty z jednoho \u00fatulku do druh\u00e9ho, distribuovali jsme l\u00e9ky, z\u00e1soby a poskytovali psychologickou pomoc \u017een\u00e1m, d\u00edvk\u00e1m a dal\u0161\u00edm, kte\u0159\u00ed utekli ze sv\u00fdch domov\u016f bez ni\u010deho: absolutn\u011b bez ni\u010deho. Nyn\u00ed vid\u00edm, jak se to d\u011bje znovu, p\u0159i\u010dem\u017e \u017eeny a d\u00edvky jsou nuceny uniknout p\u0159ed n\u00e1sil\u00edm a hledat \u00fato\u010di\u0161t\u011b.<\/div>\n        <div class=\"e-content-cite__author\">Sirine, projektov\u00e1 koordin\u00e1torka MAGNA v Libanonu<\/div>\n    <\/blockquote>\n<\/div>\n\n<div class=\"e-content-text\"><div class=\"e-content-text__inner\">\n<h2 class=\"wp-block-heading\">Libanon<\/h2>\n<\/div><\/div>\n\n<div class=\"e-content-media e-content-media--sm\">\n    <div class=\"e-content-media__frame\">\n        <iframe loading=\"lazy\" width=\"560\" height=\"315\" src=\"https:\/\/www.youtube.com\/embed\/https:\/\/youtube.com\/shorts\/__GqRejPxYU?si=lhTTKTxmmRkTfh6c\" title=\"YouTube video player\" frameborder=\"0\" allow=\"accelerometer; autoplay; clipboard-write; encrypted-media; gyroscope; picture-in-picture\" allowfullscreen><\/iframe>\n    <\/div>\n    <div class=\"e-content-media__caption\">Sirine, MAGNA projektov\u00e1 koordin\u00e1torka v Libanonu hovo\u0159\u00ed o aktu\u00e1ln\u00ed situaci a jak na ni reaguj\u00ed MAGNA t\u00fdmy p\u0159\u00edmo na m\u00edst\u011b.<\/div>\n<\/div>\n\n<div class=\"e-content-text\"><div class=\"e-content-text__inner\">\n<figure class=\"wp-block-image size-large\"><img decoding=\"async\" src=\"https:\/\/www.magna.org\/sk\/wp-content\/uploads\/2026\/03\/sk-magna-vyhlasuje-zbierku-na-pomoc-obetiam-eskalacie-napatia-na-blizkom-vychode-a-afganistane-380a824e-cafb-4a44-881b-4d7401a85630-1024x768.jpg\" alt=\"\" class=\"wp-image-17387\"\/><\/figure>\n<\/div><\/div>\n\n<div class=\"e-content-text\"><div class=\"e-content-text__inner\">\n<p>MAGNA v Libanonu v sou\u010dasnosti mobilizuje sv\u00e9 t\u00fdmy a spolupracuje s partnersk\u00fdmi organizacemi a ministerstvem zdravotnictv\u00ed na organizaci distribuce nal\u00e9hav\u011b pot\u0159ebn\u00fdch l\u00e9k\u016f a zdravotnick\u00fdch pot\u0159eb, zbo\u017e\u00ed, hygienick\u00fdch souprav a dal\u0161\u00edch z\u00e1kladn\u00edch v\u011bc\u00ed, aby se zajistila okam\u017eit\u00e1 pomoc vys\u00eddlen\u00fdm rodin\u00e1m v\u010detn\u011b psychosoci\u00e1ln\u00ed podpory. N\u00e1\u0161 t\u00fdm pro du\u0161evn\u00ed zdrav\u00ed podporuje posti\u017een\u00e9 obyvatelstvo a na\u0161e pacienty 24\/7.<\/p>\n<\/div><\/div>\n\n<div class=\"e-content-text\"><div class=\"e-content-text__inner\">\n<h2 class=\"wp-block-heading\">Afgh\u00e1nist\u00e1n<\/h2>\n<\/div><\/div>\n\n<div class=\"e-content-text\"><div class=\"e-content-text__inner\">\n<p><strong>Afgh\u00e1nist\u00e1n za\u017e\u00edv\u00e1 eskalaci nejistoty na sv\u00fdch hranic\u00edch \u2013 zintenziv\u0148uj\u00ed se boje na hranici s P\u00e1kist\u00e1nem Tyto obnoven\u00e9 boje vyv\u00edjej\u00ed obrovsk\u00fd tlak na komunity, kter\u00e9 jsou ji\u017e zraniteln\u00e9 a vy\u010derpan\u00e9 l\u00e9ty krize, konfliktu a chaosu.<\/strong><\/p>\n<\/div><\/div>\n\n<div class=\"e-content-text\"><div class=\"e-content-text__inner\">\n<p>Afgh\u00e1nist\u00e1n ji\u017e v roce 2025 zaznamenal p\u0159\u00edliv v\u00edce ne\u017e 2,5 milionu navr\u00e1tilc\u016f z \u00cdr\u00e1nu a P\u00e1kist\u00e1nu. Je\u0161t\u011b p\u0159ed posledn\u00ed eskalac\u00ed progn\u00f3zy odhadovaly podobn\u00fd p\u0159\u00edliv v roce 2026 \u2013 obnoven\u00e9 boje v\u0161ak mohou tato \u010d\u00edsla je\u0161t\u011b zv\u00fd\u0161it, co\u017e p\u0159edstavuje nesnesitelnou z\u00e1t\u011b\u017e pro \u017ealostn\u011b nedostate\u010dn\u011b financovanou humanit\u00e1rn\u00ed pomoc.<\/p>\n<\/div><\/div>\n\n<div class=\"e-content-text\"><div class=\"e-content-text__inner\">\n<p>Afgh\u00e1nist\u00e1n z\u016fst\u00e1v\u00e1 jednou z nejv\u00e1\u017en\u011bj\u0161\u00edch hladov\u00fdch kriz\u00ed na sv\u011bt\u011b, p\u0159i\u010dem\u017e ka\u017ed\u00fd t\u0159et\u00ed Afgh\u00e1nec \u2013 17,4 milionu lid\u00ed \u2013 nal\u00e9hav\u011b pot\u0159ebuje potravinovou pomoc. Podv\u00fd\u017eiva d\u011bt\u00ed dos\u00e1hla znepokojuj\u00edc\u00ed \u00farovn\u011b, p\u0159i\u010dem\u017e se p\u0159edpokl\u00e1d\u00e1, \u017ee v roce 2026 bude l\u00e9\u010dbu pot\u0159ebovat 3,7 milionu d\u011bt\u00ed.<\/p>\n<\/div><\/div>\n\n<div class=\"e-content-text\"><div class=\"e-content-text__inner\">\n<p><strong>MAGNA m\u00e1 v zemi aktu\u00e1ln\u011b p\u0159es 1.000 zdravotn\u00edk\u016f, kte\u0159\u00ed ka\u017ed\u00fd m\u011bs\u00edc zaji\u0161\u0165uj\u00ed p\u0159\u00edstup ke zdravotn\u00ed pomoci v 75 nemocnic\u00edch a provedou 140.000 ambulatn\u00edch l\u00e9ka\u0159sk\u00fdch konzultac\u00ed. Z\u00e1rove\u0148 ka\u017ed\u00fd m\u011bs\u00edc hospitalizujeme v pr\u016fm\u011bru 2.200 pacient\u016f a v podpo\u0159en\u00fdch porodnic\u00edch asistujeme p\u0159i 3.500 porodech.<\/strong><\/p>\n<\/div><\/div>","protected":false},"excerpt":{"rendered":"<p>MAGNA t\u00fdmy p\u0159es 10 let poskytuj\u00ed humanit\u00e1rn\u00ed zdravotnickou pomoc v Libanonu, S\u00fdrii, Ir\u00e1ku a Afgh\u00e1nist\u00e1nu. Eskalace nap\u011bt\u00ed v regionu je zni\u010duj\u00edc\u00ed zejm\u00e9na pro ty, kte\u0159\u00ed \u017eij\u00ed v nejist\u00fdch podm\u00ednk\u00e1ch. Vid\u00edme tis\u00edce lid\u00ed, kte\u0159\u00ed prchaj\u00ed ze sv\u00fdch domov\u016f, d\u011bti ohro\u017een\u00e9 hladem. Pomozme jim. Libanon MAGNA v Libanonu v sou\u010dasnosti mobilizuje sv\u00e9 t\u00fdmy a spolupracuje s partnersk\u00fdmi [&hellip;]<\/p>\n","protected":false},"author":4,"featured_media":13830,"comment_status":"closed","ping_status":"closed","sticky":false,"template":"","format":"standard","meta":{"_acf_changed":false,"inline_featured_image":false,"footnotes":""},"categories":[464,432],"tags":[],"post_country":[],"post_year":[],"post_layout":[551],"post_topic":[],"class_list":["post-13826","post","type-post","status-publish","format-standard","has-post-thumbnail","hentry","category-libanon-cs","category-zeme","post_layout-tiskova-zprava"],"acf":[],"yoast_head":"<!-- This site is optimized with the Yoast SEO plugin v24.3 - https:\/\/yoast.com\/wordpress\/plugins\/seo\/ -->\n<title>MAGNA vyhla\u0161uje sb\u00edrku na pomoc ob\u011btem eskalace nap\u011bt\u00ed na Bl\u00edzk\u00e9m v\u00fdchod\u011b a Afgh\u00e1nist\u00e1nu. - Magna<\/title>\n<meta name=\"robots\" content=\"index, follow, max-snippet:-1, max-image-preview:large, max-video-preview:-1\" \/>\n<link rel=\"canonical\" href=\"https:\/\/www.magna.org\/cs\/zeme\/magna-vyhlasuje-zbierku-na-pomoc-obetiam-eskalacie-napatia-na-blizkom-vychode-a-afganistane\/\" \/>\n<meta property=\"og:locale\" content=\"en_US\" \/>\n<meta property=\"og:type\" content=\"article\" \/>\n<meta property=\"og:title\" content=\"MAGNA vyhla\u0161uje sb\u00edrku na pomoc ob\u011btem eskalace nap\u011bt\u00ed na Bl\u00edzk\u00e9m v\u00fdchod\u011b a Afgh\u00e1nist\u00e1nu. - Magna\" \/>\n<meta property=\"og:description\" content=\"MAGNA t\u00fdmy p\u0159es 10 let poskytuj\u00ed humanit\u00e1rn\u00ed zdravotnickou pomoc v Libanonu, S\u00fdrii, Ir\u00e1ku a Afgh\u00e1nist\u00e1nu. Eskalace nap\u011bt\u00ed v regionu je zni\u010duj\u00edc\u00ed zejm\u00e9na pro ty, kte\u0159\u00ed \u017eij\u00ed v nejist\u00fdch podm\u00ednk\u00e1ch. Vid\u00edme tis\u00edce lid\u00ed, kte\u0159\u00ed prchaj\u00ed ze sv\u00fdch domov\u016f, d\u011bti ohro\u017een\u00e9 hladem. Pomozme jim. Libanon MAGNA v Libanonu v sou\u010dasnosti mobilizuje sv\u00e9 t\u00fdmy a spolupracuje s partnersk\u00fdmi [&hellip;]\" \/>\n<meta property=\"og:url\" content=\"https:\/\/www.magna.org\/cs\/zeme\/magna-vyhlasuje-zbierku-na-pomoc-obetiam-eskalacie-napatia-na-blizkom-vychode-a-afganistane\/\" \/>\n<meta property=\"og:site_name\" content=\"Magna\" \/>\n<meta property=\"article:published_time\" content=\"2026-04-30T11:08:38+00:00\" \/>\n<meta property=\"article:modified_time\" content=\"2026-04-30T11:21:08+00:00\" \/>\n<meta property=\"og:image\" content=\"https:\/\/www.magna.org\/cs\/wp-content\/uploads\/2026\/04\/cs-magna-vyhlasuje-sbirku-na-pomoc-obetem-eskalace-napeti-na-blizkem-vychode-a-afghanistanu-snapseed-6.jpeg\" \/>\n\t<meta property=\"og:image:width\" content=\"1800\" \/>\n\t<meta property=\"og:image:height\" content=\"1350\" \/>\n\t<meta property=\"og:image:type\" content=\"image\/jpeg\" \/>\n<meta name=\"author\" content=\"Martin Band\u017e\u00e1k\" \/>\n<meta name=\"twitter:card\" content=\"summary_large_image\" \/>\n<meta name=\"twitter:label1\" content=\"Written by\" \/>\n\t<meta name=\"twitter:data1\" content=\"Martin Band\u017e\u00e1k\" \/>\n\t<meta name=\"twitter:label2\" content=\"Est. reading time\" \/>\n\t<meta name=\"twitter:data2\" content=\"2 minutes\" \/>\n<script type=\"application\/ld+json\" class=\"yoast-schema-graph\">{\"@context\":\"https:\/\/schema.org\",\"@graph\":[{\"@type\":\"WebPage\",\"@id\":\"https:\/\/www.magna.org\/cs\/zeme\/magna-vyhlasuje-zbierku-na-pomoc-obetiam-eskalacie-napatia-na-blizkom-vychode-a-afganistane\/\",\"url\":\"https:\/\/www.magna.org\/cs\/zeme\/magna-vyhlasuje-zbierku-na-pomoc-obetiam-eskalacie-napatia-na-blizkom-vychode-a-afganistane\/\",\"name\":\"MAGNA vyhla\u0161uje sb\u00edrku na pomoc ob\u011btem eskalace nap\u011bt\u00ed na Bl\u00edzk\u00e9m v\u00fdchod\u011b a Afgh\u00e1nist\u00e1nu. - Magna\",\"isPartOf\":{\"@id\":\"https:\/\/www.magna.org\/cs\/#website\"},\"primaryImageOfPage\":{\"@id\":\"https:\/\/www.magna.org\/cs\/zeme\/magna-vyhlasuje-zbierku-na-pomoc-obetiam-eskalacie-napatia-na-blizkom-vychode-a-afganistane\/#primaryimage\"},\"image\":{\"@id\":\"https:\/\/www.magna.org\/cs\/zeme\/magna-vyhlasuje-zbierku-na-pomoc-obetiam-eskalacie-napatia-na-blizkom-vychode-a-afganistane\/#primaryimage\"},\"thumbnailUrl\":\"https:\/\/www.magna.org\/cs\/wp-content\/uploads\/2026\/04\/cs-magna-vyhlasuje-sbirku-na-pomoc-obetem-eskalace-napeti-na-blizkem-vychode-a-afghanistanu-snapseed-6.jpeg\",\"datePublished\":\"2026-04-30T11:08:38+00:00\",\"dateModified\":\"2026-04-30T11:21:08+00:00\",\"author\":{\"@id\":\"https:\/\/www.magna.org\/cs\/#\/schema\/person\/02734d054296381e3adbeee29b5e291b\"},\"breadcrumb\":{\"@id\":\"https:\/\/www.magna.org\/cs\/zeme\/magna-vyhlasuje-zbierku-na-pomoc-obetiam-eskalacie-napatia-na-blizkom-vychode-a-afganistane\/#breadcrumb\"},\"inLanguage\":\"en-US\",\"potentialAction\":[{\"@type\":\"ReadAction\",\"target\":[\"https:\/\/www.magna.org\/cs\/zeme\/magna-vyhlasuje-zbierku-na-pomoc-obetiam-eskalacie-napatia-na-blizkom-vychode-a-afganistane\/\"]}]},{\"@type\":\"ImageObject\",\"inLanguage\":\"en-US\",\"@id\":\"https:\/\/www.magna.org\/cs\/zeme\/magna-vyhlasuje-zbierku-na-pomoc-obetiam-eskalacie-napatia-na-blizkom-vychode-a-afganistane\/#primaryimage\",\"url\":\"https:\/\/www.magna.org\/cs\/wp-content\/uploads\/2026\/04\/cs-magna-vyhlasuje-sbirku-na-pomoc-obetem-eskalace-napeti-na-blizkem-vychode-a-afghanistanu-snapseed-6.jpeg\",\"contentUrl\":\"https:\/\/www.magna.org\/cs\/wp-content\/uploads\/2026\/04\/cs-magna-vyhlasuje-sbirku-na-pomoc-obetem-eskalace-napeti-na-blizkem-vychode-a-afghanistanu-snapseed-6.jpeg\",\"width\":1800,\"height\":1350},{\"@type\":\"BreadcrumbList\",\"@id\":\"https:\/\/www.magna.org\/cs\/zeme\/magna-vyhlasuje-zbierku-na-pomoc-obetiam-eskalacie-napatia-na-blizkom-vychode-a-afganistane\/#breadcrumb\",\"itemListElement\":[{\"@type\":\"ListItem\",\"position\":1,\"name\":\"Home\",\"item\":\"https:\/\/www.magna.org\/cs\/\"},{\"@type\":\"ListItem\",\"position\":2,\"name\":\"MAGNA vyhla\u0161uje sb\u00edrku na pomoc ob\u011btem eskalace nap\u011bt\u00ed na Bl\u00edzk\u00e9m v\u00fdchod\u011b a Afgh\u00e1nist\u00e1nu.\"}]},{\"@type\":\"WebSite\",\"@id\":\"https:\/\/www.magna.org\/cs\/#website\",\"url\":\"https:\/\/www.magna.org\/cs\/\",\"name\":\"Magna\",\"description\":\"Just another WordPress site\",\"potentialAction\":[{\"@type\":\"SearchAction\",\"target\":{\"@type\":\"EntryPoint\",\"urlTemplate\":\"https:\/\/www.magna.org\/cs\/?s={search_term_string}\"},\"query-input\":{\"@type\":\"PropertyValueSpecification\",\"valueRequired\":true,\"valueName\":\"search_term_string\"}}],\"inLanguage\":\"en-US\"},{\"@type\":\"Person\",\"@id\":\"https:\/\/www.magna.org\/cs\/#\/schema\/person\/02734d054296381e3adbeee29b5e291b\",\"name\":\"Martin Band\u017e\u00e1k\",\"image\":{\"@type\":\"ImageObject\",\"inLanguage\":\"en-US\",\"@id\":\"https:\/\/www.magna.org\/cs\/#\/schema\/person\/image\/\",\"url\":\"https:\/\/secure.gravatar.com\/avatar\/c48678daf250d326987444888ba874b15d966557659590ee15699486b7e120b3?s=96&d=mm&r=g\",\"contentUrl\":\"https:\/\/secure.gravatar.com\/avatar\/c48678daf250d326987444888ba874b15d966557659590ee15699486b7e120b3?s=96&d=mm&r=g\",\"caption\":\"Martin Band\u017e\u00e1k\"},\"url\":\"https:\/\/www.magna.org\/cs\/author\/bandzak\/\"}]}<\/script>\n<!-- \/ Yoast SEO plugin. -->","yoast_head_json":{"title":"MAGNA vyhla\u0161uje sb\u00edrku na pomoc ob\u011btem eskalace nap\u011bt\u00ed na Bl\u00edzk\u00e9m v\u00fdchod\u011b a Afgh\u00e1nist\u00e1nu. - Magna","robots":{"index":"index","follow":"follow","max-snippet":"max-snippet:-1","max-image-preview":"max-image-preview:large","max-video-preview":"max-video-preview:-1"},"canonical":"https:\/\/www.magna.org\/cs\/zeme\/magna-vyhlasuje-zbierku-na-pomoc-obetiam-eskalacie-napatia-na-blizkom-vychode-a-afganistane\/","og_locale":"en_US","og_type":"article","og_title":"MAGNA vyhla\u0161uje sb\u00edrku na pomoc ob\u011btem eskalace nap\u011bt\u00ed na Bl\u00edzk\u00e9m v\u00fdchod\u011b a Afgh\u00e1nist\u00e1nu. - Magna","og_description":"MAGNA t\u00fdmy p\u0159es 10 let poskytuj\u00ed humanit\u00e1rn\u00ed zdravotnickou pomoc v Libanonu, S\u00fdrii, Ir\u00e1ku a Afgh\u00e1nist\u00e1nu. Eskalace nap\u011bt\u00ed v regionu je zni\u010duj\u00edc\u00ed zejm\u00e9na pro ty, kte\u0159\u00ed \u017eij\u00ed v nejist\u00fdch podm\u00ednk\u00e1ch. Vid\u00edme tis\u00edce lid\u00ed, kte\u0159\u00ed prchaj\u00ed ze sv\u00fdch domov\u016f, d\u011bti ohro\u017een\u00e9 hladem. Pomozme jim. Libanon MAGNA v Libanonu v sou\u010dasnosti mobilizuje sv\u00e9 t\u00fdmy a spolupracuje s partnersk\u00fdmi [&hellip;]","og_url":"https:\/\/www.magna.org\/cs\/zeme\/magna-vyhlasuje-zbierku-na-pomoc-obetiam-eskalacie-napatia-na-blizkom-vychode-a-afganistane\/","og_site_name":"Magna","article_published_time":"2026-04-30T11:08:38+00:00","article_modified_time":"2026-04-30T11:21:08+00:00","og_image":[{"width":1800,"height":1350,"url":"https:\/\/www.magna.org\/cs\/wp-content\/uploads\/2026\/04\/cs-magna-vyhlasuje-sbirku-na-pomoc-obetem-eskalace-napeti-na-blizkem-vychode-a-afghanistanu-snapseed-6.jpeg","type":"image\/jpeg"}],"author":"Martin Band\u017e\u00e1k","twitter_card":"summary_large_image","twitter_misc":{"Written by":"Martin Band\u017e\u00e1k","Est. reading time":"2 minutes"},"schema":{"@context":"https:\/\/schema.org","@graph":[{"@type":"WebPage","@id":"https:\/\/www.magna.org\/cs\/zeme\/magna-vyhlasuje-zbierku-na-pomoc-obetiam-eskalacie-napatia-na-blizkom-vychode-a-afganistane\/","url":"https:\/\/www.magna.org\/cs\/zeme\/magna-vyhlasuje-zbierku-na-pomoc-obetiam-eskalacie-napatia-na-blizkom-vychode-a-afganistane\/","name":"MAGNA vyhla\u0161uje sb\u00edrku na pomoc ob\u011btem eskalace nap\u011bt\u00ed na Bl\u00edzk\u00e9m v\u00fdchod\u011b a Afgh\u00e1nist\u00e1nu. - Magna","isPartOf":{"@id":"https:\/\/www.magna.org\/cs\/#website"},"primaryImageOfPage":{"@id":"https:\/\/www.magna.org\/cs\/zeme\/magna-vyhlasuje-zbierku-na-pomoc-obetiam-eskalacie-napatia-na-blizkom-vychode-a-afganistane\/#primaryimage"},"image":{"@id":"https:\/\/www.magna.org\/cs\/zeme\/magna-vyhlasuje-zbierku-na-pomoc-obetiam-eskalacie-napatia-na-blizkom-vychode-a-afganistane\/#primaryimage"},"thumbnailUrl":"https:\/\/www.magna.org\/cs\/wp-content\/uploads\/2026\/04\/cs-magna-vyhlasuje-sbirku-na-pomoc-obetem-eskalace-napeti-na-blizkem-vychode-a-afghanistanu-snapseed-6.jpeg","datePublished":"2026-04-30T11:08:38+00:00","dateModified":"2026-04-30T11:21:08+00:00","author":{"@id":"https:\/\/www.magna.org\/cs\/#\/schema\/person\/02734d054296381e3adbeee29b5e291b"},"breadcrumb":{"@id":"https:\/\/www.magna.org\/cs\/zeme\/magna-vyhlasuje-zbierku-na-pomoc-obetiam-eskalacie-napatia-na-blizkom-vychode-a-afganistane\/#breadcrumb"},"inLanguage":"en-US","potentialAction":[{"@type":"ReadAction","target":["https:\/\/www.magna.org\/cs\/zeme\/magna-vyhlasuje-zbierku-na-pomoc-obetiam-eskalacie-napatia-na-blizkom-vychode-a-afganistane\/"]}]},{"@type":"ImageObject","inLanguage":"en-US","@id":"https:\/\/www.magna.org\/cs\/zeme\/magna-vyhlasuje-zbierku-na-pomoc-obetiam-eskalacie-napatia-na-blizkom-vychode-a-afganistane\/#primaryimage","url":"https:\/\/www.magna.org\/cs\/wp-content\/uploads\/2026\/04\/cs-magna-vyhlasuje-sbirku-na-pomoc-obetem-eskalace-napeti-na-blizkem-vychode-a-afghanistanu-snapseed-6.jpeg","contentUrl":"https:\/\/www.magna.org\/cs\/wp-content\/uploads\/2026\/04\/cs-magna-vyhlasuje-sbirku-na-pomoc-obetem-eskalace-napeti-na-blizkem-vychode-a-afghanistanu-snapseed-6.jpeg","width":1800,"height":1350},{"@type":"BreadcrumbList","@id":"https:\/\/www.magna.org\/cs\/zeme\/magna-vyhlasuje-zbierku-na-pomoc-obetiam-eskalacie-napatia-na-blizkom-vychode-a-afganistane\/#breadcrumb","itemListElement":[{"@type":"ListItem","position":1,"name":"Home","item":"https:\/\/www.magna.org\/cs\/"},{"@type":"ListItem","position":2,"name":"MAGNA vyhla\u0161uje sb\u00edrku na pomoc ob\u011btem eskalace nap\u011bt\u00ed na Bl\u00edzk\u00e9m v\u00fdchod\u011b a Afgh\u00e1nist\u00e1nu."}]},{"@type":"WebSite","@id":"https:\/\/www.magna.org\/cs\/#website","url":"https:\/\/www.magna.org\/cs\/","name":"Magna","description":"Just another WordPress site","potentialAction":[{"@type":"SearchAction","target":{"@type":"EntryPoint","urlTemplate":"https:\/\/www.magna.org\/cs\/?s={search_term_string}"},"query-input":{"@type":"PropertyValueSpecification","valueRequired":true,"valueName":"search_term_string"}}],"inLanguage":"en-US"},{"@type":"Person","@id":"https:\/\/www.magna.org\/cs\/#\/schema\/person\/02734d054296381e3adbeee29b5e291b","name":"Martin Band\u017e\u00e1k","image":{"@type":"ImageObject","inLanguage":"en-US","@id":"https:\/\/www.magna.org\/cs\/#\/schema\/person\/image\/","url":"https:\/\/secure.gravatar.com\/avatar\/c48678daf250d326987444888ba874b15d966557659590ee15699486b7e120b3?s=96&d=mm&r=g","contentUrl":"https:\/\/secure.gravatar.com\/avatar\/c48678daf250d326987444888ba874b15d966557659590ee15699486b7e120b3?s=96&d=mm&r=g","caption":"Martin Band\u017e\u00e1k"},"url":"https:\/\/www.magna.org\/cs\/author\/bandzak\/"}]}},"_links":{"self":[{"href":"https:\/\/www.magna.org\/cs\/wp-json\/wp\/v2\/posts\/13826","targetHints":{"allow":["GET"]}}],"collection":[{"href":"https:\/\/www.magna.org\/cs\/wp-json\/wp\/v2\/posts"}],"about":[{"href":"https:\/\/www.magna.org\/cs\/wp-json\/wp\/v2\/types\/post"}],"author":[{"embeddable":true,"href":"https:\/\/www.magna.org\/cs\/wp-json\/wp\/v2\/users\/4"}],"replies":[{"embeddable":true,"href":"https:\/\/www.magna.org\/cs\/wp-json\/wp\/v2\/comments?post=13826"}],"version-history":[{"count":6,"href":"https:\/\/www.magna.org\/cs\/wp-json\/wp\/v2\/posts\/13826\/revisions"}],"predecessor-version":[{"id":13837,"href":"https:\/\/www.magna.org\/cs\/wp-json\/wp\/v2\/posts\/13826\/revisions\/13837"}],"wp:featuredmedia":[{"embeddable":true,"href":"https:\/\/www.magna.org\/cs\/wp-json\/wp\/v2\/media\/13830"}],"wp:attachment":[{"href":"https:\/\/www.magna.org\/cs\/wp-json\/wp\/v2\/media?parent=13826"}],"wp:term":[{"taxonomy":"category","embeddable":true,"href":"https:\/\/www.magna.org\/cs\/wp-json\/wp\/v2\/categories?post=13826"},{"taxonomy":"post_tag","embeddable":true,"href":"https:\/\/www.magna.org\/cs\/wp-json\/wp\/v2\/tags?post=13826"},{"taxonomy":"post_country","embeddable":true,"href":"https:\/\/www.magna.org\/cs\/wp-json\/wp\/v2\/post_country?post=13826"},{"taxonomy":"post_year","embeddable":true,"href":"https:\/\/www.magna.org\/cs\/wp-json\/wp\/v2\/post_year?post=13826"},{"taxonomy":"post_layout","embeddable":true,"href":"https:\/\/www.magna.org\/cs\/wp-json\/wp\/v2\/post_layout?post=13826"},{"taxonomy":"post_topic","embeddable":true,"href":"https:\/\/www.magna.org\/cs\/wp-json\/wp\/v2\/post_topic?post=13826"}],"curies":[{"name":"wp","href":"https:\/\/api.w.org\/{rel}","templated":true}]}}