{"id":12774,"date":"2023-04-16T10:07:04","date_gmt":"2023-04-16T10:07:04","guid":{"rendered":"https:\/\/www.magna.org\/sk\/?p=12774"},"modified":"2023-12-17T16:53:18","modified_gmt":"2023-12-17T16:53:18","slug":"kwamouth-zdravotna-a-nutricna-starostlivost-pre-obete-etnickeho-nasilia","status":"publish","type":"post","link":"https:\/\/www.magna.org\/sk\/operacia\/dr-kongo-operacie\/kwamouth-zdravotna-a-nutricna-starostlivost-pre-obete-etnickeho-nasilia\/","title":{"rendered":"Kwamouth: zdravotn\u00e1 a nutri\u010dn\u00e1 starostlivos\u0165 pre obete etnick\u00e9ho n\u00e1silia."},"content":{"rendered":"<div class=\"e-content-text\"><div class=\"e-content-text__inner\">\n<p>MAGNA v&nbsp;DR Kongo posilnila svoje zdravotn\u00edcke t\u00edmy a aktu\u00e1lne v&nbsp;oblasti Kwamouth prev\u00e1dzkuje mobiln\u00e9 zdravotn\u00edcke t\u00edmy, obnovuje zdravotn\u00edcku infra\u0161trukt\u00faru a poskytuje bezplatn\u00fa sekund\u00e1rnu starostlivos\u0165 a p\u00f4rody. To v\u0161etko ako reakciu na humait\u00e1rnu katastrofu, ktor\u00e1 nastala po konflikte dvoch skup\u00edn miestneho obyvate\u013estva Yaka a Tete a pod\u013ea odhadov na\u0161ich t\u00edmov na mieste si vy\u017eiadala a\u017e 9 tis\u00edc obet\u00ed a 40 t\u00eds\u00edc \u013eud\u00ed ostalo bez domova. Situ\u00e1cia je nesmierne n\u00e1ro\u010dn\u00e1, oblas\u0165 je izolovan\u00e1, jedin\u00fd pr\u00edstup je k nej po rieke Kongo.<\/p>\n<\/div><\/div>\n\n<div class=\"e-content-cite\">\n    <blockquote class=\"e-content-cite__wrap\">\n        <div class=\"e-content-cite__text\">Matky, ktor\u00e9 s de\u0165mi pre\u017eili n\u00e1silie sa zo strachu skr\u00fdvali niekolko t\u00fd\u017ed\u0148ov v pralesoch, bez pr\u00edstupu k jedlu a z\u00e1kladn\u00fdch potreb\u00e1m. T\u00e1to situ\u00e1cia e\u0161te zn\u00e1sobila u\u017e aj tak alarmuj\u00faci stav detskej podv\u00fd\u017eivy v oblasti, \u010dastokr\u00e1t sa stalo, \u017ee deti zomreli od hladu, tie ktor\u00e9 pre\u017eili su v \u0165a\u017ekom stave podv\u00fd\u017eivy a potrebuj\u00fa akutnu pomoc a lie\u010dbu.<\/div>\n        <div class=\"e-content-cite__author\">Nathaniel de Sevigny, ved\u00faci misie MAGNA v DR Kongo<\/div>\n    <\/blockquote>\n<\/div>\n\n<div class=\"e-content-media e-content-media--sm\">\n    <div class=\"e-content-media__frame\">\n        <iframe loading=\"lazy\" width=\"560\" height=\"315\" src=\"https:\/\/www.youtube.com\/embed\/\/Iobu061xyOw\" title=\"YouTube video player\" frameborder=\"0\" allow=\"accelerometer; autoplay; clipboard-write; encrypted-media; gyroscope; picture-in-picture\" allowfullscreen><\/iframe>\n    <\/div>\n    <div class=\"e-content-media__caption\">Martin Band\u017e\u00e1k, v\u00fdkonn\u00fd riadie\u013e MAGNA o situ\u00e1cii v Kwamouth<\/div>\n<\/div>\n\n<section class=\"s-stats hc-section-space--normal\">\n    <div class=\"s-stats__inner\">\n        <div class=\"s-stats__wrap\">\n            <div class=\"s-stats__header\">\n                <h2 class=\"s-stats__title\">NA\u0160A PR\u00c1CA V DEMOKRATICKEJ REPUBLIKE KONGO<\/h2>\n                <div class=\"s-stats__aside\">\n                    <a href=\"https:\/\/www.magna.org\/sk\/countries\/dr-kongo\/\" target=\"\" class=\"e-link e-link--primary\">Zisti\u0165 viac<\/a>\n                <\/div>\n            <\/div>\n            <div class=\"s-stats__content\">\n                <div class=\"s-stats__items\">\n                    <div class=\"s-stats__item\">\n                        <h4 class=\"s-stats__item-value\">2009<\/h4>\n                        <div class=\"s-stats__item-label\">Prv\u00e1 intervencia MAGNA v krajine<\/div>\n                    <\/div>\n                    <div class=\"s-stats__item\">\n                        <h4 class=\"s-stats__item-value\">100 +<\/h4>\n                        <div class=\"s-stats__item-label\">Pracovn\u00edkov v ter\u00e9ne<\/div>\n                    <\/div>\n                    <div class=\"s-stats__item\">\n                        <h4 class=\"s-stats__item-value\">135000<\/h4>\n                        <div class=\"s-stats__item-label\">Ambulatn\u00fdch vy\u0161etren\u00ed v roku 2022<\/div>\n                    <\/div>\n                <\/div>\n            <\/div>\n        <\/div>\n    <\/div>\n<\/section>\n\n<div class=\"e-content-text\"><div class=\"e-content-text__inner\">\n<h2 class=\"wp-block-heading\">Pre\u010do MAGNA zasahuje v DR Kongo?<\/h2>\n<\/div><\/div>\n\n<div class=\"e-content-text\"><div class=\"e-content-text__inner\">\n<p>Druhou najv\u00e4\u010d\u0161ou krajinou v Afrike je Kon\u017esk\u00e1 demokratick\u00e1 republika (KDR), ktor\u00e1 je z\u00e1rove\u0148 bohat\u00e1 na pr\u00edrodn\u00e9 zdroje. Kongo v\u0161ak trp\u00ed dlhotrvaj\u00facim konfliktom.<\/p>\n<\/div><\/div>\n\n<div class=\"e-content-text\"><div class=\"e-content-text__inner\">\n<p>Kon\u017esk\u00e1 demokratick\u00e1 republika pre\u017eila desa\u0165ro\u010dia mnoh\u00fdch prekr\u00fdvaj\u00facich sa kr\u00edz a v\u00e1\u017enych obmedzen\u00ed lek\u00e1rskych kapac\u00edt, extr\u00e9mnemu n\u00e1siliu a \u010dast\u00e9mu v\u00fdskytu \u010falekosiahlych chor\u00f4b. Humanit\u00e1rna situ\u00e1cia v Kongu postihuje mili\u00f3ny \u013eud\u00ed. Politick\u00e1 nestabilita, boje medzi arm\u00e1dou a rebelmi, pokra\u010duj\u00face n\u00e1silie, nedostato\u010dn\u00e9 zdroje, opakovan\u00e9 epid\u00e9mie eboly, v\u0161etky tieto faktory prispievaj\u00fa k jednej z najhor\u0161\u00edch humanit\u00e1rnych kr\u00edz na svete. <\/p>\n<\/div><\/div>\n\n<div class=\"e-content-text\"><div class=\"e-content-text__inner\">\n<p class=\"has-vivid-red-color has-text-color\">NA\u0160A \u010cINNOS\u0164<\/p>\n<\/div><\/div>\n\n<div class=\"e-content-text\"><div class=\"e-content-text__inner\">\n<ul class=\"wp-block-list\">\n<li>Podv\u00fd\u017eiva<\/li>\n\n\n\n<li>Sexu\u00e1lne n\u00e1silie<\/li>\n\n\n\n<li>Infek\u010dn\u00e9 choroby<\/li>\n<\/ul>\n<\/div><\/div>\n\n<div class=\"e-content-text\"><div class=\"e-content-text__inner\">\n<p class=\"has-vivid-red-color has-text-color has-large-font-size\">2009<\/p>\n<\/div><\/div>\n\n<div class=\"e-content-text\"><div class=\"e-content-text__inner\">\n<p>Prv\u00e1 MAGNA intervencia v krajine<\/p>\n<\/div><\/div>\n\n<section class=\"s-news hc-section-space--normal\">\n    <div class=\"s-news__inner\">\n        <div class=\"s-news__header\">\n            <h2 class=\"s-news__title\">Oper\u00e1cie, spr\u00e1vy a report\u00e1\u017ee z krajiny<\/h2>\n            <div class=\"s-news__text\">\n                <p>Pozrite sa bli\u017e\u0161ie na na\u0161u \u010dinnos\u0165 v krajine.<\/p>\n            <\/div>\n            <div class=\"s-news__social\">\n                <ul class=\"e-social\">\n<\/ul>\n            <\/div>\n        <\/div>\n        <div class=\"s-news__content js-carousel\">\n            <div class=\"s-news__items js-carousel__items\">\n                <div class=\"s-news__item js-carousel__item\">\n                    \n<article class=\"a-news\">\n    <a href=\"https:\/\/www.magna.org\/sk\/spravy-sk\/dr-kongo-spravy\/zeny-a-deti-v-konzskej-demokratickej-republike-nie-su-pred-nasilim-nikde-v-bezpeci\/\" class=\"a-news__link\"><\/a>\n    <div class=\"a-news__image\">\n        <div class=\"a-news__img\" style=\"background-image:url('https:\/\/www.magna.org\/sk\/wp-content\/uploads\/2025\/08\/sk.magna.org-zeny-a-deti-v-konzskej-demokratickej-republike-nie-su-pred-nasilim-nikde-v-bezpeci-img-6638.heic');\"><\/div>\n    <\/div>\n    <div class=\"a-news__content\">\n        <h5 class=\"a-news__subtitle\">DR Kongo<\/h5>\n        <h3 class=\"a-news__title\">\u017deny a deti v Kon\u017eskej demokratickej republike nie s\u00fa pred n\u00e1sil\u00edm nikde v bezpe\u010d\u00ed<\/h3>\n    <\/div>\n    <div class=\"a-news__footer\">\n        <div class=\"a-news__tags\">Aktualiz\u00e1cia projektu<\/div>\n        <div class=\"a-news__date\">14. 08. 2025<\/div>\n    <\/div>\n<\/article>                <\/div>\n                <div class=\"s-news__item js-carousel__item\">\n                    \n<article class=\"a-news\">\n    <a href=\"https:\/\/www.magna.org\/sk\/reportaze\/dr-kongo-reportaze\/jeden-vecer-v-nemocnici-masia-kwa\/\" class=\"a-news__link\"><\/a>\n    <div class=\"a-news__image\">\n        <div class=\"a-news__img\" style=\"background-image:url('https:\/\/www.magna.org\/sk\/wp-content\/uploads\/2024\/05\/sk.magna.org-jeden-den-v-nemocnici-masia-kwa-mb2024g010581-468x468.jpg');\"><\/div>\n    <\/div>\n    <div class=\"a-news__content\">\n        <h5 class=\"a-news__subtitle\">DR Kongo<\/h5>\n        <h3 class=\"a-news__title\">Jeden ve\u010der v nemocnici Masia Kwa.<\/h3>\n    <\/div>\n    <div class=\"a-news__footer\">\n        <div class=\"a-news__tags\">Fotoreport\u00e1\u017e<\/div>\n        <div class=\"a-news__date\">02. 05. 2024<\/div>\n    <\/div>\n<\/article>                <\/div>\n                <div class=\"s-news__item js-carousel__item\">\n                    \n<article class=\"a-news\">\n    <a href=\"https:\/\/www.magna.org\/sk\/spravy-sk\/dr-kongo-spravy\/ockovanie-ako-vianocny-darcek-pre-statisice-deti-v-kongu\/\" class=\"a-news__link\"><\/a>\n    <div class=\"a-news__image\">\n        <div class=\"a-news__img\" style=\"background-image:url('https:\/\/www.magna.org\/sk\/wp-content\/uploads\/2022\/12\/ockovanie-v-dr-kongo-468x468.jpg');\"><\/div>\n    <\/div>\n    <div class=\"a-news__content\">\n        <h5 class=\"a-news__subtitle\">DR Kongo<\/h5>\n        <h3 class=\"a-news__title\">O\u010dkovanie ako viano\u010dn\u00fd dar\u010dek pre st\u00e1tis\u00edce det\u00ed v Kongu<\/h3>\n    <\/div>\n    <div class=\"a-news__footer\">\n        <div class=\"a-news__tags\">Aktualiz\u00e1cia projektu<\/div>\n        <div class=\"a-news__date\">19. 12. 2019<\/div>\n    <\/div>\n<\/article>                <\/div>\n                <div class=\"s-news__item js-carousel__item\">\n                    \n<article class=\"a-news\">\n    <a href=\"https:\/\/www.magna.org\/sk\/spravy-sk\/dr-kongo-spravy\/deti-stratenej-generacie-v-kongu-bez-pomoci-zomieraju\/\" class=\"a-news__link\"><\/a>\n    <div class=\"a-news__image\">\n        <div class=\"a-news__img\" style=\"background-image:url('https:\/\/www.magna.org\/sk\/wp-content\/uploads\/2022\/12\/img-20191016-wa0004-468x468.jpg');\"><\/div>\n    <\/div>\n    <div class=\"a-news__content\">\n        <h5 class=\"a-news__subtitle\">DR Kongo<\/h5>\n        <h3 class=\"a-news__title\">Deti stratenej gener\u00e1cie v Kongu bez pomoci zomieraj\u00fa.<\/h3>\n    <\/div>\n    <div class=\"a-news__footer\">\n        <div class=\"a-news__tags\">N\u00e1zor<\/div>\n        <div class=\"a-news__date\">16. 10. 2019<\/div>\n    <\/div>\n<\/article>                <\/div>\n                <div class=\"s-news__item js-carousel__item\">\n                    \n<article class=\"a-news\">\n    <a href=\"https:\/\/www.magna.org\/sk\/spravy-sk\/dr-kongo-spravy\/kongo-zasahujeme-v-yumbi-2\/\" class=\"a-news__link\"><\/a>\n    <div class=\"a-news__image\">\n        <div class=\"a-news__img\" style=\"background-image:url('https:\/\/www.magna.org\/sk\/wp-content\/uploads\/2022\/12\/l1006213-468x468.jpg');\"><\/div>\n    <\/div>\n    <div class=\"a-news__content\">\n        <h5 class=\"a-news__subtitle\">DR Kongo<\/h5>\n        <h3 class=\"a-news__title\">DR Kongo: Zasahujeme v Yumbi<\/h3>\n    <\/div>\n    <div class=\"a-news__footer\">\n        <div class=\"a-news__tags\">Aktualiz\u00e1cia projektu<\/div>\n        <div class=\"a-news__date\">24. 09. 2019<\/div>\n    <\/div>\n<\/article>                <\/div>\n            <\/div>\n        <\/div>\n    <\/div>\n<\/section>","protected":false},"excerpt":{"rendered":"<p>MAGNA v&nbsp;DR Kongo posilnila svoje zdravotn\u00edcke t\u00edmy a aktu\u00e1lne v&nbsp;oblasti Kwamouth prev\u00e1dzkuje mobiln\u00e9 zdravotn\u00edcke t\u00edmy, obnovuje zdravotn\u00edcku infra\u0161trukt\u00faru a poskytuje bezplatn\u00fa sekund\u00e1rnu starostlivos\u0165 a p\u00f4rody. To v\u0161etko ako reakciu na humait\u00e1rnu katastrofu, ktor\u00e1 nastala po konflikte dvoch skup\u00edn miestneho obyvate\u013estva Yaka a Tete a pod\u013ea odhadov na\u0161ich t\u00edmov na mieste si vy\u017eiadala a\u017e 9 tis\u00edc [&hellip;]<\/p>\n","protected":false},"author":2,"featured_media":12775,"comment_status":"open","ping_status":"open","sticky":false,"template":"","format":"standard","meta":{"_acf_changed":false,"inline_featured_image":false,"footnotes":""},"categories":[169,114,124,1073,1077,118],"tags":[1039],"post_country":[47],"post_year":[],"post_layout":[],"post_topic":[],"class_list":["post-12774","post","type-post","status-publish","format-standard","has-post-thumbnail","hentry","category-dr-kongo-operacie","category-malaria-zdravotne-problemy","category-podvyziva-zdravotne-problemy","category-sexualne-nasilie-zdravotne-problemy","category-zdravie-dietata-zdravotne-problemy","category-zdravie-matky-zdravotne-problemy","tag-operacia","post_country-dr-kongo"],"acf":[],"yoast_head":"<!-- This site is optimized with the Yoast SEO plugin v24.3 - https:\/\/yoast.com\/wordpress\/plugins\/seo\/ -->\n<title>Kwamouth: zdravotn\u00e1 a nutri\u010dn\u00e1 starostlivos\u0165 pre obete etnick\u00e9ho n\u00e1silia. - Magna<\/title>\n<meta name=\"description\" content=\"DR Kongo: reakcia na etnick\u00e9 n\u00e1silie v Kwamouth. Miestny konflikt si vy\u017eiadal 9 tis\u00edc obet\u00ed, desa\u0165tisice vysidlen\u00fdch a sp\u00f4sobil alarmuj\u00facu humanit\u00e1rnu situ\u00e1ciu. MAGNA t\u00edmy zasahuj\u00fa priamo na mieste.\" \/>\n<meta name=\"robots\" content=\"index, follow, max-snippet:-1, max-image-preview:large, max-video-preview:-1\" \/>\n<link rel=\"canonical\" href=\"https:\/\/www.magna.org\/sk\/operacia\/dr-kongo-operacie\/kwamouth-zdravotna-a-nutricna-starostlivost-pre-obete-etnickeho-nasilia\/\" \/>\n<meta property=\"og:locale\" content=\"en_US\" \/>\n<meta property=\"og:type\" content=\"article\" \/>\n<meta property=\"og:title\" content=\"DR Kongo: reakcia na etnick\u00e9 n\u00e1silie v Kwamouth.\" \/>\n<meta property=\"og:description\" content=\"Miestny konflikt si vy\u017eiadal 9 tis\u00edc obet\u00ed, desa\u0165tisice vysidlen\u00fdch a sp\u00f4sobil alarmuj\u00facu humanit\u00e1rnu situ\u00e1ciu. MAGNA t\u00edmy zasahuj\u00fa priamo na mieste.\" \/>\n<meta property=\"og:url\" content=\"https:\/\/www.magna.org\/sk\/operacia\/dr-kongo-operacie\/kwamouth-zdravotna-a-nutricna-starostlivost-pre-obete-etnickeho-nasilia\/\" \/>\n<meta property=\"og:site_name\" content=\"Magna\" \/>\n<meta property=\"article:published_time\" content=\"2023-04-16T10:07:04+00:00\" \/>\n<meta property=\"article:modified_time\" content=\"2023-12-17T16:53:18+00:00\" \/>\n<meta property=\"og:image\" content=\"https:\/\/www.magna.org\/sk\/wp-content\/uploads\/2023\/04\/www.magna.org-dr-kongo-reakcia-na-etnicke-nasilie-v-yumbi-a-zdravotna-a-nutricna-pomoc-obetiam-l1009382.jpg\" \/>\n\t<meta property=\"og:image:width\" content=\"1800\" \/>\n\t<meta property=\"og:image:height\" content=\"1200\" \/>\n\t<meta property=\"og:image:type\" content=\"image\/jpeg\" \/>\n<meta name=\"author\" content=\"magna\" \/>\n<meta name=\"twitter:card\" content=\"summary_large_image\" \/>\n<meta name=\"twitter:title\" content=\"DR Kongo: reakcia na etnick\u00e9 n\u00e1silie v Kwamouth.\" \/>\n<meta name=\"twitter:description\" content=\"Miestny konflikt si vy\u017eiadal 9 tis\u00edc obet\u00ed, desa\u0165tisice vysidlen\u00fdch a sp\u00f4sobil alarmuj\u00facu humanit\u00e1rnu situ\u00e1ciu. MAGNA t\u00edmy zasahuj\u00fa priamo na mieste.\" \/>\n<meta name=\"twitter:image\" content=\"https:\/\/www.magna.org\/sk\/wp-content\/uploads\/2023\/04\/www.magna.org-dr-kongo-reakcia-na-etnicke-nasilie-v-yumbi-a-zdravotna-a-nutricna-pomoc-obetiam-l1009382.jpg\" \/>\n<meta name=\"twitter:label1\" content=\"Written by\" \/>\n\t<meta name=\"twitter:data1\" content=\"magna\" \/>\n\t<meta name=\"twitter:label2\" content=\"Est. reading time\" \/>\n\t<meta name=\"twitter:data2\" content=\"1 minute\" \/>\n<script type=\"application\/ld+json\" class=\"yoast-schema-graph\">{\"@context\":\"https:\/\/schema.org\",\"@graph\":[{\"@type\":\"WebPage\",\"@id\":\"https:\/\/www.magna.org\/sk\/operacia\/dr-kongo-operacie\/kwamouth-zdravotna-a-nutricna-starostlivost-pre-obete-etnickeho-nasilia\/\",\"url\":\"https:\/\/www.magna.org\/sk\/operacia\/dr-kongo-operacie\/kwamouth-zdravotna-a-nutricna-starostlivost-pre-obete-etnickeho-nasilia\/\",\"name\":\"Kwamouth: zdravotn\u00e1 a nutri\u010dn\u00e1 starostlivos\u0165 pre obete etnick\u00e9ho n\u00e1silia. - Magna\",\"isPartOf\":{\"@id\":\"https:\/\/www.magna.org\/sk\/#website\"},\"primaryImageOfPage\":{\"@id\":\"https:\/\/www.magna.org\/sk\/operacia\/dr-kongo-operacie\/kwamouth-zdravotna-a-nutricna-starostlivost-pre-obete-etnickeho-nasilia\/#primaryimage\"},\"image\":{\"@id\":\"https:\/\/www.magna.org\/sk\/operacia\/dr-kongo-operacie\/kwamouth-zdravotna-a-nutricna-starostlivost-pre-obete-etnickeho-nasilia\/#primaryimage\"},\"thumbnailUrl\":\"https:\/\/www.magna.org\/sk\/wp-content\/uploads\/2023\/04\/www.magna.org-dr-kongo-reakcia-na-etnicke-nasilie-v-yumbi-a-zdravotna-a-nutricna-pomoc-obetiam-l1009382.jpg\",\"datePublished\":\"2023-04-16T10:07:04+00:00\",\"dateModified\":\"2023-12-17T16:53:18+00:00\",\"author\":{\"@id\":\"https:\/\/www.magna.org\/sk\/#\/schema\/person\/5ba0ec6eee787d64596839e5ba054a3c\"},\"description\":\"DR Kongo: reakcia na etnick\u00e9 n\u00e1silie v Kwamouth. Miestny konflikt si vy\u017eiadal 9 tis\u00edc obet\u00ed, desa\u0165tisice vysidlen\u00fdch a sp\u00f4sobil alarmuj\u00facu humanit\u00e1rnu situ\u00e1ciu. MAGNA t\u00edmy zasahuj\u00fa priamo na mieste.\",\"breadcrumb\":{\"@id\":\"https:\/\/www.magna.org\/sk\/operacia\/dr-kongo-operacie\/kwamouth-zdravotna-a-nutricna-starostlivost-pre-obete-etnickeho-nasilia\/#breadcrumb\"},\"inLanguage\":\"en-US\",\"potentialAction\":[{\"@type\":\"ReadAction\",\"target\":[\"https:\/\/www.magna.org\/sk\/operacia\/dr-kongo-operacie\/kwamouth-zdravotna-a-nutricna-starostlivost-pre-obete-etnickeho-nasilia\/\"]}]},{\"@type\":\"ImageObject\",\"inLanguage\":\"en-US\",\"@id\":\"https:\/\/www.magna.org\/sk\/operacia\/dr-kongo-operacie\/kwamouth-zdravotna-a-nutricna-starostlivost-pre-obete-etnickeho-nasilia\/#primaryimage\",\"url\":\"https:\/\/www.magna.org\/sk\/wp-content\/uploads\/2023\/04\/www.magna.org-dr-kongo-reakcia-na-etnicke-nasilie-v-yumbi-a-zdravotna-a-nutricna-pomoc-obetiam-l1009382.jpg\",\"contentUrl\":\"https:\/\/www.magna.org\/sk\/wp-content\/uploads\/2023\/04\/www.magna.org-dr-kongo-reakcia-na-etnicke-nasilie-v-yumbi-a-zdravotna-a-nutricna-pomoc-obetiam-l1009382.jpg\",\"width\":1800,\"height\":1200},{\"@type\":\"BreadcrumbList\",\"@id\":\"https:\/\/www.magna.org\/sk\/operacia\/dr-kongo-operacie\/kwamouth-zdravotna-a-nutricna-starostlivost-pre-obete-etnickeho-nasilia\/#breadcrumb\",\"itemListElement\":[{\"@type\":\"ListItem\",\"position\":1,\"name\":\"Home\",\"item\":\"https:\/\/www.magna.org\/sk\/\"},{\"@type\":\"ListItem\",\"position\":2,\"name\":\"Kwamouth: zdravotn\u00e1 a nutri\u010dn\u00e1 starostlivos\u0165 pre obete etnick\u00e9ho n\u00e1silia.\"}]},{\"@type\":\"WebSite\",\"@id\":\"https:\/\/www.magna.org\/sk\/#website\",\"url\":\"https:\/\/www.magna.org\/sk\/\",\"name\":\"Magna\",\"description\":\"Just another WordPress site\",\"potentialAction\":[{\"@type\":\"SearchAction\",\"target\":{\"@type\":\"EntryPoint\",\"urlTemplate\":\"https:\/\/www.magna.org\/sk\/?s={search_term_string}\"},\"query-input\":{\"@type\":\"PropertyValueSpecification\",\"valueRequired\":true,\"valueName\":\"search_term_string\"}}],\"inLanguage\":\"en-US\"},{\"@type\":\"Person\",\"@id\":\"https:\/\/www.magna.org\/sk\/#\/schema\/person\/5ba0ec6eee787d64596839e5ba054a3c\",\"name\":\"magna\",\"image\":{\"@type\":\"ImageObject\",\"inLanguage\":\"en-US\",\"@id\":\"https:\/\/www.magna.org\/sk\/#\/schema\/person\/image\/\",\"url\":\"https:\/\/secure.gravatar.com\/avatar\/c48678daf250d326987444888ba874b15d966557659590ee15699486b7e120b3?s=96&d=mm&r=g\",\"contentUrl\":\"https:\/\/secure.gravatar.com\/avatar\/c48678daf250d326987444888ba874b15d966557659590ee15699486b7e120b3?s=96&d=mm&r=g\",\"caption\":\"magna\"},\"url\":\"https:\/\/www.magna.org\/sk\/author\/magna\/\"}]}<\/script>\n<!-- \/ Yoast SEO plugin. -->","yoast_head_json":{"title":"Kwamouth: zdravotn\u00e1 a nutri\u010dn\u00e1 starostlivos\u0165 pre obete etnick\u00e9ho n\u00e1silia. - Magna","description":"DR Kongo: reakcia na etnick\u00e9 n\u00e1silie v Kwamouth. Miestny konflikt si vy\u017eiadal 9 tis\u00edc obet\u00ed, desa\u0165tisice vysidlen\u00fdch a sp\u00f4sobil alarmuj\u00facu humanit\u00e1rnu situ\u00e1ciu. MAGNA t\u00edmy zasahuj\u00fa priamo na mieste.","robots":{"index":"index","follow":"follow","max-snippet":"max-snippet:-1","max-image-preview":"max-image-preview:large","max-video-preview":"max-video-preview:-1"},"canonical":"https:\/\/www.magna.org\/sk\/operacia\/dr-kongo-operacie\/kwamouth-zdravotna-a-nutricna-starostlivost-pre-obete-etnickeho-nasilia\/","og_locale":"en_US","og_type":"article","og_title":"DR Kongo: reakcia na etnick\u00e9 n\u00e1silie v Kwamouth.","og_description":"Miestny konflikt si vy\u017eiadal 9 tis\u00edc obet\u00ed, desa\u0165tisice vysidlen\u00fdch a sp\u00f4sobil alarmuj\u00facu humanit\u00e1rnu situ\u00e1ciu. MAGNA t\u00edmy zasahuj\u00fa priamo na mieste.","og_url":"https:\/\/www.magna.org\/sk\/operacia\/dr-kongo-operacie\/kwamouth-zdravotna-a-nutricna-starostlivost-pre-obete-etnickeho-nasilia\/","og_site_name":"Magna","article_published_time":"2023-04-16T10:07:04+00:00","article_modified_time":"2023-12-17T16:53:18+00:00","og_image":[{"width":1800,"height":1200,"url":"https:\/\/www.magna.org\/sk\/wp-content\/uploads\/2023\/04\/www.magna.org-dr-kongo-reakcia-na-etnicke-nasilie-v-yumbi-a-zdravotna-a-nutricna-pomoc-obetiam-l1009382.jpg","type":"image\/jpeg"}],"author":"magna","twitter_card":"summary_large_image","twitter_title":"DR Kongo: reakcia na etnick\u00e9 n\u00e1silie v Kwamouth.","twitter_description":"Miestny konflikt si vy\u017eiadal 9 tis\u00edc obet\u00ed, desa\u0165tisice vysidlen\u00fdch a sp\u00f4sobil alarmuj\u00facu humanit\u00e1rnu situ\u00e1ciu. MAGNA t\u00edmy zasahuj\u00fa priamo na mieste.","twitter_image":"https:\/\/www.magna.org\/sk\/wp-content\/uploads\/2023\/04\/www.magna.org-dr-kongo-reakcia-na-etnicke-nasilie-v-yumbi-a-zdravotna-a-nutricna-pomoc-obetiam-l1009382.jpg","twitter_misc":{"Written by":"magna","Est. reading time":"1 minute"},"schema":{"@context":"https:\/\/schema.org","@graph":[{"@type":"WebPage","@id":"https:\/\/www.magna.org\/sk\/operacia\/dr-kongo-operacie\/kwamouth-zdravotna-a-nutricna-starostlivost-pre-obete-etnickeho-nasilia\/","url":"https:\/\/www.magna.org\/sk\/operacia\/dr-kongo-operacie\/kwamouth-zdravotna-a-nutricna-starostlivost-pre-obete-etnickeho-nasilia\/","name":"Kwamouth: zdravotn\u00e1 a nutri\u010dn\u00e1 starostlivos\u0165 pre obete etnick\u00e9ho n\u00e1silia. - Magna","isPartOf":{"@id":"https:\/\/www.magna.org\/sk\/#website"},"primaryImageOfPage":{"@id":"https:\/\/www.magna.org\/sk\/operacia\/dr-kongo-operacie\/kwamouth-zdravotna-a-nutricna-starostlivost-pre-obete-etnickeho-nasilia\/#primaryimage"},"image":{"@id":"https:\/\/www.magna.org\/sk\/operacia\/dr-kongo-operacie\/kwamouth-zdravotna-a-nutricna-starostlivost-pre-obete-etnickeho-nasilia\/#primaryimage"},"thumbnailUrl":"https:\/\/www.magna.org\/sk\/wp-content\/uploads\/2023\/04\/www.magna.org-dr-kongo-reakcia-na-etnicke-nasilie-v-yumbi-a-zdravotna-a-nutricna-pomoc-obetiam-l1009382.jpg","datePublished":"2023-04-16T10:07:04+00:00","dateModified":"2023-12-17T16:53:18+00:00","author":{"@id":"https:\/\/www.magna.org\/sk\/#\/schema\/person\/5ba0ec6eee787d64596839e5ba054a3c"},"description":"DR Kongo: reakcia na etnick\u00e9 n\u00e1silie v Kwamouth. Miestny konflikt si vy\u017eiadal 9 tis\u00edc obet\u00ed, desa\u0165tisice vysidlen\u00fdch a sp\u00f4sobil alarmuj\u00facu humanit\u00e1rnu situ\u00e1ciu. MAGNA t\u00edmy zasahuj\u00fa priamo na mieste.","breadcrumb":{"@id":"https:\/\/www.magna.org\/sk\/operacia\/dr-kongo-operacie\/kwamouth-zdravotna-a-nutricna-starostlivost-pre-obete-etnickeho-nasilia\/#breadcrumb"},"inLanguage":"en-US","potentialAction":[{"@type":"ReadAction","target":["https:\/\/www.magna.org\/sk\/operacia\/dr-kongo-operacie\/kwamouth-zdravotna-a-nutricna-starostlivost-pre-obete-etnickeho-nasilia\/"]}]},{"@type":"ImageObject","inLanguage":"en-US","@id":"https:\/\/www.magna.org\/sk\/operacia\/dr-kongo-operacie\/kwamouth-zdravotna-a-nutricna-starostlivost-pre-obete-etnickeho-nasilia\/#primaryimage","url":"https:\/\/www.magna.org\/sk\/wp-content\/uploads\/2023\/04\/www.magna.org-dr-kongo-reakcia-na-etnicke-nasilie-v-yumbi-a-zdravotna-a-nutricna-pomoc-obetiam-l1009382.jpg","contentUrl":"https:\/\/www.magna.org\/sk\/wp-content\/uploads\/2023\/04\/www.magna.org-dr-kongo-reakcia-na-etnicke-nasilie-v-yumbi-a-zdravotna-a-nutricna-pomoc-obetiam-l1009382.jpg","width":1800,"height":1200},{"@type":"BreadcrumbList","@id":"https:\/\/www.magna.org\/sk\/operacia\/dr-kongo-operacie\/kwamouth-zdravotna-a-nutricna-starostlivost-pre-obete-etnickeho-nasilia\/#breadcrumb","itemListElement":[{"@type":"ListItem","position":1,"name":"Home","item":"https:\/\/www.magna.org\/sk\/"},{"@type":"ListItem","position":2,"name":"Kwamouth: zdravotn\u00e1 a nutri\u010dn\u00e1 starostlivos\u0165 pre obete etnick\u00e9ho n\u00e1silia."}]},{"@type":"WebSite","@id":"https:\/\/www.magna.org\/sk\/#website","url":"https:\/\/www.magna.org\/sk\/","name":"Magna","description":"Just another WordPress site","potentialAction":[{"@type":"SearchAction","target":{"@type":"EntryPoint","urlTemplate":"https:\/\/www.magna.org\/sk\/?s={search_term_string}"},"query-input":{"@type":"PropertyValueSpecification","valueRequired":true,"valueName":"search_term_string"}}],"inLanguage":"en-US"},{"@type":"Person","@id":"https:\/\/www.magna.org\/sk\/#\/schema\/person\/5ba0ec6eee787d64596839e5ba054a3c","name":"magna","image":{"@type":"ImageObject","inLanguage":"en-US","@id":"https:\/\/www.magna.org\/sk\/#\/schema\/person\/image\/","url":"https:\/\/secure.gravatar.com\/avatar\/c48678daf250d326987444888ba874b15d966557659590ee15699486b7e120b3?s=96&d=mm&r=g","contentUrl":"https:\/\/secure.gravatar.com\/avatar\/c48678daf250d326987444888ba874b15d966557659590ee15699486b7e120b3?s=96&d=mm&r=g","caption":"magna"},"url":"https:\/\/www.magna.org\/sk\/author\/magna\/"}]}},"_links":{"self":[{"href":"https:\/\/www.magna.org\/sk\/wp-json\/wp\/v2\/posts\/12774","targetHints":{"allow":["GET"]}}],"collection":[{"href":"https:\/\/www.magna.org\/sk\/wp-json\/wp\/v2\/posts"}],"about":[{"href":"https:\/\/www.magna.org\/sk\/wp-json\/wp\/v2\/types\/post"}],"author":[{"embeddable":true,"href":"https:\/\/www.magna.org\/sk\/wp-json\/wp\/v2\/users\/2"}],"replies":[{"embeddable":true,"href":"https:\/\/www.magna.org\/sk\/wp-json\/wp\/v2\/comments?post=12774"}],"version-history":[{"count":80,"href":"https:\/\/www.magna.org\/sk\/wp-json\/wp\/v2\/posts\/12774\/revisions"}],"predecessor-version":[{"id":14543,"href":"https:\/\/www.magna.org\/sk\/wp-json\/wp\/v2\/posts\/12774\/revisions\/14543"}],"wp:featuredmedia":[{"embeddable":true,"href":"https:\/\/www.magna.org\/sk\/wp-json\/wp\/v2\/media\/12775"}],"wp:attachment":[{"href":"https:\/\/www.magna.org\/sk\/wp-json\/wp\/v2\/media?parent=12774"}],"wp:term":[{"taxonomy":"category","embeddable":true,"href":"https:\/\/www.magna.org\/sk\/wp-json\/wp\/v2\/categories?post=12774"},{"taxonomy":"post_tag","embeddable":true,"href":"https:\/\/www.magna.org\/sk\/wp-json\/wp\/v2\/tags?post=12774"},{"taxonomy":"post_country","embeddable":true,"href":"https:\/\/www.magna.org\/sk\/wp-json\/wp\/v2\/post_country?post=12774"},{"taxonomy":"post_year","embeddable":true,"href":"https:\/\/www.magna.org\/sk\/wp-json\/wp\/v2\/post_year?post=12774"},{"taxonomy":"post_layout","embeddable":true,"href":"https:\/\/www.magna.org\/sk\/wp-json\/wp\/v2\/post_layout?post=12774"},{"taxonomy":"post_topic","embeddable":true,"href":"https:\/\/www.magna.org\/sk\/wp-json\/wp\/v2\/post_topic?post=12774"}],"curies":[{"name":"wp","href":"https:\/\/api.w.org\/{rel}","templated":true}]}}