{"id":13796,"date":"2023-10-11T13:16:36","date_gmt":"2023-10-11T13:16:36","guid":{"rendered":"https:\/\/www.magna.org\/sk\/?p=13796"},"modified":"2023-12-16T19:01:12","modified_gmt":"2023-12-16T19:01:12","slug":"liecime-dusevne-problemy-nasich-pacientov-v-krizach","status":"publish","type":"post","link":"https:\/\/www.magna.org\/sk\/spravy-sk\/dusevne-zdravie-spravy\/liecime-dusevne-problemy-nasich-pacientov-v-krizach\/","title":{"rendered":"Lie\u010dime du\u0161evn\u00e9 probl\u00e9my na\u0161ich pacientov v kr\u00edzach."},"content":{"rendered":"<div class=\"e-content-text\"><div class=\"e-content-text__inner\">\n<p>Vo svete, kde neprejde de\u0148 bez nezmyseln\u00e9ho krviprelievania alebo n\u00e1hlej pr\u00edrodnej katastrofy, \u013eahko zab\u00fadame na starostlivos\u0165 o najd\u00f4le\u017eitej\u0161iu \u010das\u0165 n\u00e1\u0161ho tela &#8211; \u013eudsk\u00fa du\u0161u.&nbsp;Ve\u010f t\u00e1 predsa nekrv\u00e1ca a \u00fadajne sa ani ned\u00e1 odfotografova\u0165&#8230;<\/p>\n<\/div><\/div>\n\n<div class=\"e-content-text\"><div class=\"e-content-text__inner\">\n<p>Pri pr\u00edle\u017eitosti&nbsp;<strong>Svetov\u00e9ho d\u0148a du\u0161evn\u00e9ho zdravia<\/strong>&nbsp;by sme sa s vami radi podelili o dobr\u00fa spr\u00e1vu. V\u010faka va\u0161ej \u0161tedrosti m\u00f4\u017eeme t\u00fato starostlivos\u0165 poskytova\u0165 \u010doraz v\u00e4\u010d\u0161iemu po\u010dtu pacientov a \u010doraz \u00fa\u010dinnej\u0161ie.&nbsp;<strong>Len za posledn\u00fd rok sme zv\u00fd\u0161ili kapacitu lek\u00e1rskych t\u00edmov MAGNA poskytuj\u00facich psychologick\u00fa pomoc na viac ako 3 500 konzult\u00e1ci\u00ed mesa\u010dne. Bez va\u0161ej pomoci by to nebolo mo\u017en\u00e9. Za to v\u00e1m patr\u00ed obrovsk\u00e1 v\u010faka<\/strong>.&nbsp;<\/p>\n<\/div><\/div>\n\n<div class=\"e-content-text\"><div class=\"e-content-text__inner\">\n<p>\u017dia\u013e,&nbsp;napriek v\u0161etk\u00e9mu n\u00e1\u0161mu \u00fasiliu po\u010det det\u00ed trpiacich posttraumatickou stresovou poruchou st\u00e1le narast\u00e1 (PTSD\/PTSP).&nbsp;<strong>Na na\u0161ich klinik\u00e1ch na Ukrajine, v Libanone, ale aj v S\u00fdrii \u010di v Kongu<\/strong>&nbsp;sa \u010doraz \u010dastej\u0161ie stret\u00e1vame s de\u0165mi, ktor\u00e9 t\u00e1to porucha \u00faplne vyradila z be\u017en\u00e9ho \u017eivota. Na prv\u00fd poh\u013ead s\u00fa to deti ako ka\u017ed\u00e9 in\u00e9, rovnako ako moje alebo va\u0161e. Na druh\u00fd poh\u013ead je v\u0161ak zrejm\u00e9, \u017ee rany na ich du\u0161i s\u00fa hlbok\u00e9 a bez odbornej pomoci sa nikdy nezahoja<strong>.<\/strong><\/p>\n<\/div><\/div>\n\n<div class=\"e-content-cite\">\n    <blockquote class=\"e-content-cite__wrap\">\n        <div class=\"e-content-cite__text\">Tieto deti nie s\u00fa schopn\u00e9 nadviaza\u0165 kontakt so svojimi rovesn\u00edkmi a prenasleduj\u00fa ich no\u010dn\u00e9 mory a ka\u017edodenn\u00e9 z\u00e1chvaty paniky. Mnoh\u00e9 z nich jedn\u00e9ho d\u0148a jednoducho zmizn\u00fa a my ich n\u00e1jdeme schovan\u00e9 pod stolom, odkia\u013e odmietaj\u00fa vyjs\u0165 cel\u00e9 mesiace. Pom\u00f4c\u0165 im m\u00f4\u017ee len odborn\u00fd person\u00e1l. Bez odbornej starostlivosti z t\u00fdchto det\u00ed nikdy nevyrast\u00fa funk\u010dn\u00ed dospel\u00ed a cyklus n\u00e1silia a utrpenia sa bude na\u010falej opakova\u0165.<\/div>\n        <div class=\"e-content-cite__author\">Denisa Augustinov\u00e1, opera\u010dn\u00e1 riadite\u013eka MAGNA.<\/div>\n    <\/blockquote>\n<\/div>\n\n<div class=\"e-content-text\"><div class=\"e-content-text__inner\">\n<p>Na celom svete dnes potrebuje psychologick\u00fa pomoc najmenej 150 mili\u00f3nov \u013eud\u00ed. T\u00edto \u013eudia za\u017eili vojny, sexu\u00e1lne n\u00e1silie, hladomor alebo pr\u00edrodn\u00e9 katastrofy. Mnoh\u00ed z nich \u017eij\u00fa na Ukrajine, v Afganistane, Libanone alebo Kongu.<strong> Av\u0161ak nem\u00e1lo z nich \u017eije aj medzi nami a my o ich utrpen\u00ed mo\u017eno ani nevieme.<\/strong><\/p>\n<\/div><\/div>\n\n<div class=\"e-content-media e-content-media--sm\">\n            <img loading=\"lazy\" decoding=\"async\" width=\"676\" height=\"676\" src=\"https:\/\/www.magna.org\/sk\/wp-content\/uploads\/2023\/10\/www.magna.org-liecime-dusevne-problemy-nasich-pacientov-v-krizach-dusevne-zdravie-vas-zasah-676x676.png\" class=\"attachment-magna-sm size-magna-sm\" alt=\"\" srcset=\"https:\/\/www.magna.org\/sk\/wp-content\/uploads\/2023\/10\/www.magna.org-liecime-dusevne-problemy-nasich-pacientov-v-krizach-dusevne-zdravie-vas-zasah-676x676.png 676w, https:\/\/www.magna.org\/sk\/wp-content\/uploads\/2023\/10\/www.magna.org-liecime-dusevne-problemy-nasich-pacientov-v-krizach-dusevne-zdravie-vas-zasah-300x300.png 300w, https:\/\/www.magna.org\/sk\/wp-content\/uploads\/2023\/10\/www.magna.org-liecime-dusevne-problemy-nasich-pacientov-v-krizach-dusevne-zdravie-vas-zasah-1024x1024.png 1024w, https:\/\/www.magna.org\/sk\/wp-content\/uploads\/2023\/10\/www.magna.org-liecime-dusevne-problemy-nasich-pacientov-v-krizach-dusevne-zdravie-vas-zasah-150x150.png 150w, https:\/\/www.magna.org\/sk\/wp-content\/uploads\/2023\/10\/www.magna.org-liecime-dusevne-problemy-nasich-pacientov-v-krizach-dusevne-zdravie-vas-zasah-768x768.png 768w, https:\/\/www.magna.org\/sk\/wp-content\/uploads\/2023\/10\/www.magna.org-liecime-dusevne-problemy-nasich-pacientov-v-krizach-dusevne-zdravie-vas-zasah-552x552.png 552w, https:\/\/www.magna.org\/sk\/wp-content\/uploads\/2023\/10\/www.magna.org-liecime-dusevne-problemy-nasich-pacientov-v-krizach-dusevne-zdravie-vas-zasah-384x384.png 384w, https:\/\/www.magna.org\/sk\/wp-content\/uploads\/2023\/10\/www.magna.org-liecime-dusevne-problemy-nasich-pacientov-v-krizach-dusevne-zdravie-vas-zasah-1058x1058.png 1058w, https:\/\/www.magna.org\/sk\/wp-content\/uploads\/2023\/10\/www.magna.org-liecime-dusevne-problemy-nasich-pacientov-v-krizach-dusevne-zdravie-vas-zasah-468x468.png 468w, https:\/\/www.magna.org\/sk\/wp-content\/uploads\/2023\/10\/www.magna.org-liecime-dusevne-problemy-nasich-pacientov-v-krizach-dusevne-zdravie-vas-zasah.png 1200w\" sizes=\"auto, (max-width: 676px) 100vw, 676px\" \/>\n<\/div>\n\n<section class=\"s-home-hero s-home-hero--white hc-section-space--normal\">\n    <div class=\"s-home-hero__inner\">\n        <div class=\"s-home-hero__media\">\n            <img loading=\"lazy\" decoding=\"async\" width=\"698\" height=\"524\" src=\"https:\/\/www.magna.org\/sk\/wp-content\/uploads\/2022\/09\/homepage-kto-sme-mb201911g6509-desktop-e1669931882679-698x524.jpg\" class=\"attachment-magna-hero size-magna-hero\" alt=\"\" srcset=\"https:\/\/www.magna.org\/sk\/wp-content\/uploads\/2022\/09\/homepage-kto-sme-mb201911g6509-desktop-e1669931882679-698x524.jpg 698w, https:\/\/www.magna.org\/sk\/wp-content\/uploads\/2022\/09\/homepage-kto-sme-mb201911g6509-desktop-e1669931882679-1396x1048.jpg 1396w\" sizes=\"auto, (max-width: 698px) 100vw, 698px\" \/>\n        <\/div>\n        <div class=\"s-home-hero__content\">\n            <h2 class=\"s-home-hero__title\">Ako m\u00f4\u017eete pom\u00f4c\u0165 Vy?<\/h2>\n            <div class=\"s-home-hero__text\">\n                <p>Nie ka\u017ed\u00fd m\u00f4\u017ee lie\u010di\u0165 pacientov v ter\u00e9ne. Ale ka\u017ed\u00fd m\u00f4\u017ee by\u0165 toho s\u00fa\u010das\u0165ou. Potrebujeme va\u0161u podporu, aby sme mohli pokra\u010dova\u0165 v tejto \u017eivot zachra\u0148uj\u00facej pr\u00e1ci.<\/p>\n            <\/div>\n            <div class=\"s-home-hero__cta\">\n                <a href=\"https:\/\/www.magna.org\/sk\/pomozte\/chcem darovat\" target=\"\" class=\"e-btn e-btn--dark\">Chcem darova\u0165<\/a>\n            <\/div>\n        <\/div>\n    <\/div>\n<\/section>","protected":false},"excerpt":{"rendered":"<p>Od za\u010diatku ruskej inv\u00e1zie na Ukrajinu 24. febru\u00e1ra sa bombardovanie a ostre\u013eovanie na\u010falej stup\u0148uje \u2013 z\u00e1merne sa zameriava na civilistov, obytn\u00e9 budovy, nemocnice a z\u00e1kladn\u00fa infra\u0161trukt\u00faru.<\/p>\n","protected":false},"author":2,"featured_media":13797,"comment_status":"closed","ping_status":"closed","sticky":false,"template":"","format":"standard","meta":{"_acf_changed":false,"inline_featured_image":false,"footnotes":""},"categories":[1051],"tags":[136],"post_country":[],"post_year":[986],"post_layout":[55],"post_topic":[72],"class_list":["post-13796","post","type-post","status-publish","format-standard","has-post-thumbnail","hentry","category-dusevne-zdravie-spravy","tag-aktualizacia-krizy","post_year-986","post_layout-aktualizacia-krizy","post_topic-dusevne-zdravie"],"acf":[],"yoast_head":"<!-- This site is optimized with the Yoast SEO plugin v24.3 - https:\/\/yoast.com\/wordpress\/plugins\/seo\/ -->\n<title>Lie\u010dime du\u0161evn\u00e9 probl\u00e9my na\u0161ich pacientov v kr\u00edzach. - Magna<\/title>\n<meta name=\"robots\" content=\"index, follow, max-snippet:-1, max-image-preview:large, max-video-preview:-1\" \/>\n<link rel=\"canonical\" href=\"https:\/\/www.magna.org\/sk\/spravy-sk\/dusevne-zdravie-spravy\/liecime-dusevne-problemy-nasich-pacientov-v-krizach\/\" \/>\n<meta property=\"og:locale\" content=\"en_US\" \/>\n<meta property=\"og:type\" content=\"article\" \/>\n<meta property=\"og:title\" content=\"Lie\u010dime du\u0161evn\u00e9 probl\u00e9my na\u0161ich pacientov v kr\u00edzach.\" \/>\n<meta property=\"og:description\" content=\"Od za\u010diatku ruskej inv\u00e1zie na Ukrajinu 24. febru\u00e1ra sa bombardovanie a ostre\u013eovanie na\u010falej stup\u0148uje \u2013 z\u00e1merne sa zameriava na civilistov, obytn\u00e9 budovy, nemocnice a z\u00e1kladn\u00fa infra\u0161trukt\u00faru.\" \/>\n<meta property=\"og:url\" content=\"https:\/\/www.magna.org\/sk\/spravy-sk\/dusevne-zdravie-spravy\/liecime-dusevne-problemy-nasich-pacientov-v-krizach\/\" \/>\n<meta property=\"og:site_name\" content=\"Magna\" \/>\n<meta property=\"article:published_time\" content=\"2023-10-11T13:16:36+00:00\" \/>\n<meta property=\"article:modified_time\" content=\"2023-12-16T19:01:12+00:00\" \/>\n<meta property=\"og:image\" content=\"https:\/\/www.magna.org\/sk\/wp-content\/uploads\/2023\/10\/www.magna.org-liecime-dusevne-problemy-nasich-pacientov-v-krizach-l1000086-scaled.jpg\" \/>\n\t<meta property=\"og:image:width\" content=\"2560\" \/>\n\t<meta property=\"og:image:height\" content=\"1707\" \/>\n\t<meta property=\"og:image:type\" content=\"image\/jpeg\" \/>\n<meta name=\"author\" content=\"magna\" \/>\n<meta name=\"twitter:card\" content=\"summary_large_image\" \/>\n<meta name=\"twitter:title\" content=\"Lie\u010dime du\u0161evn\u00e9 probl\u00e9my na\u0161ich pacientov v kr\u00edzach.\" \/>\n<meta name=\"twitter:image\" content=\"https:\/\/www.magna.org\/sk\/wp-content\/uploads\/2023\/10\/www.magna.org-liecime-dusevne-problemy-nasich-pacientov-v-krizach-l1000086-scaled.jpg\" \/>\n<meta name=\"twitter:label1\" content=\"Written by\" \/>\n\t<meta name=\"twitter:data1\" content=\"magna\" \/>\n\t<meta name=\"twitter:label2\" content=\"Est. reading time\" \/>\n\t<meta name=\"twitter:data2\" content=\"3 minutes\" \/>\n<script type=\"application\/ld+json\" class=\"yoast-schema-graph\">{\"@context\":\"https:\/\/schema.org\",\"@graph\":[{\"@type\":\"WebPage\",\"@id\":\"https:\/\/www.magna.org\/sk\/spravy-sk\/dusevne-zdravie-spravy\/liecime-dusevne-problemy-nasich-pacientov-v-krizach\/\",\"url\":\"https:\/\/www.magna.org\/sk\/spravy-sk\/dusevne-zdravie-spravy\/liecime-dusevne-problemy-nasich-pacientov-v-krizach\/\",\"name\":\"Lie\u010dime du\u0161evn\u00e9 probl\u00e9my na\u0161ich pacientov v kr\u00edzach. - Magna\",\"isPartOf\":{\"@id\":\"https:\/\/www.magna.org\/sk\/#website\"},\"primaryImageOfPage\":{\"@id\":\"https:\/\/www.magna.org\/sk\/spravy-sk\/dusevne-zdravie-spravy\/liecime-dusevne-problemy-nasich-pacientov-v-krizach\/#primaryimage\"},\"image\":{\"@id\":\"https:\/\/www.magna.org\/sk\/spravy-sk\/dusevne-zdravie-spravy\/liecime-dusevne-problemy-nasich-pacientov-v-krizach\/#primaryimage\"},\"thumbnailUrl\":\"https:\/\/www.magna.org\/sk\/wp-content\/uploads\/2023\/10\/www.magna.org-liecime-dusevne-problemy-nasich-pacientov-v-krizach-l1000086-scaled.jpg\",\"datePublished\":\"2023-10-11T13:16:36+00:00\",\"dateModified\":\"2023-12-16T19:01:12+00:00\",\"author\":{\"@id\":\"https:\/\/www.magna.org\/sk\/#\/schema\/person\/5ba0ec6eee787d64596839e5ba054a3c\"},\"breadcrumb\":{\"@id\":\"https:\/\/www.magna.org\/sk\/spravy-sk\/dusevne-zdravie-spravy\/liecime-dusevne-problemy-nasich-pacientov-v-krizach\/#breadcrumb\"},\"inLanguage\":\"en-US\",\"potentialAction\":[{\"@type\":\"ReadAction\",\"target\":[\"https:\/\/www.magna.org\/sk\/spravy-sk\/dusevne-zdravie-spravy\/liecime-dusevne-problemy-nasich-pacientov-v-krizach\/\"]}]},{\"@type\":\"ImageObject\",\"inLanguage\":\"en-US\",\"@id\":\"https:\/\/www.magna.org\/sk\/spravy-sk\/dusevne-zdravie-spravy\/liecime-dusevne-problemy-nasich-pacientov-v-krizach\/#primaryimage\",\"url\":\"https:\/\/www.magna.org\/sk\/wp-content\/uploads\/2023\/10\/www.magna.org-liecime-dusevne-problemy-nasich-pacientov-v-krizach-l1000086-scaled.jpg\",\"contentUrl\":\"https:\/\/www.magna.org\/sk\/wp-content\/uploads\/2023\/10\/www.magna.org-liecime-dusevne-problemy-nasich-pacientov-v-krizach-l1000086-scaled.jpg\",\"width\":2560,\"height\":1707},{\"@type\":\"BreadcrumbList\",\"@id\":\"https:\/\/www.magna.org\/sk\/spravy-sk\/dusevne-zdravie-spravy\/liecime-dusevne-problemy-nasich-pacientov-v-krizach\/#breadcrumb\",\"itemListElement\":[{\"@type\":\"ListItem\",\"position\":1,\"name\":\"Home\",\"item\":\"https:\/\/www.magna.org\/sk\/\"},{\"@type\":\"ListItem\",\"position\":2,\"name\":\"Lie\u010dime du\u0161evn\u00e9 probl\u00e9my na\u0161ich pacientov v kr\u00edzach.\"}]},{\"@type\":\"WebSite\",\"@id\":\"https:\/\/www.magna.org\/sk\/#website\",\"url\":\"https:\/\/www.magna.org\/sk\/\",\"name\":\"Magna\",\"description\":\"Just another WordPress site\",\"potentialAction\":[{\"@type\":\"SearchAction\",\"target\":{\"@type\":\"EntryPoint\",\"urlTemplate\":\"https:\/\/www.magna.org\/sk\/?s={search_term_string}\"},\"query-input\":{\"@type\":\"PropertyValueSpecification\",\"valueRequired\":true,\"valueName\":\"search_term_string\"}}],\"inLanguage\":\"en-US\"},{\"@type\":\"Person\",\"@id\":\"https:\/\/www.magna.org\/sk\/#\/schema\/person\/5ba0ec6eee787d64596839e5ba054a3c\",\"name\":\"magna\",\"image\":{\"@type\":\"ImageObject\",\"inLanguage\":\"en-US\",\"@id\":\"https:\/\/www.magna.org\/sk\/#\/schema\/person\/image\/\",\"url\":\"https:\/\/secure.gravatar.com\/avatar\/c48678daf250d326987444888ba874b15d966557659590ee15699486b7e120b3?s=96&d=mm&r=g\",\"contentUrl\":\"https:\/\/secure.gravatar.com\/avatar\/c48678daf250d326987444888ba874b15d966557659590ee15699486b7e120b3?s=96&d=mm&r=g\",\"caption\":\"magna\"},\"url\":\"https:\/\/www.magna.org\/sk\/author\/magna\/\"}]}<\/script>\n<!-- \/ Yoast SEO plugin. -->","yoast_head_json":{"title":"Lie\u010dime du\u0161evn\u00e9 probl\u00e9my na\u0161ich pacientov v kr\u00edzach. - Magna","robots":{"index":"index","follow":"follow","max-snippet":"max-snippet:-1","max-image-preview":"max-image-preview:large","max-video-preview":"max-video-preview:-1"},"canonical":"https:\/\/www.magna.org\/sk\/spravy-sk\/dusevne-zdravie-spravy\/liecime-dusevne-problemy-nasich-pacientov-v-krizach\/","og_locale":"en_US","og_type":"article","og_title":"Lie\u010dime du\u0161evn\u00e9 probl\u00e9my na\u0161ich pacientov v kr\u00edzach.","og_description":"Od za\u010diatku ruskej inv\u00e1zie na Ukrajinu 24. febru\u00e1ra sa bombardovanie a ostre\u013eovanie na\u010falej stup\u0148uje \u2013 z\u00e1merne sa zameriava na civilistov, obytn\u00e9 budovy, nemocnice a z\u00e1kladn\u00fa infra\u0161trukt\u00faru.","og_url":"https:\/\/www.magna.org\/sk\/spravy-sk\/dusevne-zdravie-spravy\/liecime-dusevne-problemy-nasich-pacientov-v-krizach\/","og_site_name":"Magna","article_published_time":"2023-10-11T13:16:36+00:00","article_modified_time":"2023-12-16T19:01:12+00:00","og_image":[{"width":2560,"height":1707,"url":"https:\/\/www.magna.org\/sk\/wp-content\/uploads\/2023\/10\/www.magna.org-liecime-dusevne-problemy-nasich-pacientov-v-krizach-l1000086-scaled.jpg","type":"image\/jpeg"}],"author":"magna","twitter_card":"summary_large_image","twitter_title":"Lie\u010dime du\u0161evn\u00e9 probl\u00e9my na\u0161ich pacientov v kr\u00edzach.","twitter_image":"https:\/\/www.magna.org\/sk\/wp-content\/uploads\/2023\/10\/www.magna.org-liecime-dusevne-problemy-nasich-pacientov-v-krizach-l1000086-scaled.jpg","twitter_misc":{"Written by":"magna","Est. reading time":"3 minutes"},"schema":{"@context":"https:\/\/schema.org","@graph":[{"@type":"WebPage","@id":"https:\/\/www.magna.org\/sk\/spravy-sk\/dusevne-zdravie-spravy\/liecime-dusevne-problemy-nasich-pacientov-v-krizach\/","url":"https:\/\/www.magna.org\/sk\/spravy-sk\/dusevne-zdravie-spravy\/liecime-dusevne-problemy-nasich-pacientov-v-krizach\/","name":"Lie\u010dime du\u0161evn\u00e9 probl\u00e9my na\u0161ich pacientov v kr\u00edzach. - Magna","isPartOf":{"@id":"https:\/\/www.magna.org\/sk\/#website"},"primaryImageOfPage":{"@id":"https:\/\/www.magna.org\/sk\/spravy-sk\/dusevne-zdravie-spravy\/liecime-dusevne-problemy-nasich-pacientov-v-krizach\/#primaryimage"},"image":{"@id":"https:\/\/www.magna.org\/sk\/spravy-sk\/dusevne-zdravie-spravy\/liecime-dusevne-problemy-nasich-pacientov-v-krizach\/#primaryimage"},"thumbnailUrl":"https:\/\/www.magna.org\/sk\/wp-content\/uploads\/2023\/10\/www.magna.org-liecime-dusevne-problemy-nasich-pacientov-v-krizach-l1000086-scaled.jpg","datePublished":"2023-10-11T13:16:36+00:00","dateModified":"2023-12-16T19:01:12+00:00","author":{"@id":"https:\/\/www.magna.org\/sk\/#\/schema\/person\/5ba0ec6eee787d64596839e5ba054a3c"},"breadcrumb":{"@id":"https:\/\/www.magna.org\/sk\/spravy-sk\/dusevne-zdravie-spravy\/liecime-dusevne-problemy-nasich-pacientov-v-krizach\/#breadcrumb"},"inLanguage":"en-US","potentialAction":[{"@type":"ReadAction","target":["https:\/\/www.magna.org\/sk\/spravy-sk\/dusevne-zdravie-spravy\/liecime-dusevne-problemy-nasich-pacientov-v-krizach\/"]}]},{"@type":"ImageObject","inLanguage":"en-US","@id":"https:\/\/www.magna.org\/sk\/spravy-sk\/dusevne-zdravie-spravy\/liecime-dusevne-problemy-nasich-pacientov-v-krizach\/#primaryimage","url":"https:\/\/www.magna.org\/sk\/wp-content\/uploads\/2023\/10\/www.magna.org-liecime-dusevne-problemy-nasich-pacientov-v-krizach-l1000086-scaled.jpg","contentUrl":"https:\/\/www.magna.org\/sk\/wp-content\/uploads\/2023\/10\/www.magna.org-liecime-dusevne-problemy-nasich-pacientov-v-krizach-l1000086-scaled.jpg","width":2560,"height":1707},{"@type":"BreadcrumbList","@id":"https:\/\/www.magna.org\/sk\/spravy-sk\/dusevne-zdravie-spravy\/liecime-dusevne-problemy-nasich-pacientov-v-krizach\/#breadcrumb","itemListElement":[{"@type":"ListItem","position":1,"name":"Home","item":"https:\/\/www.magna.org\/sk\/"},{"@type":"ListItem","position":2,"name":"Lie\u010dime du\u0161evn\u00e9 probl\u00e9my na\u0161ich pacientov v kr\u00edzach."}]},{"@type":"WebSite","@id":"https:\/\/www.magna.org\/sk\/#website","url":"https:\/\/www.magna.org\/sk\/","name":"Magna","description":"Just another WordPress site","potentialAction":[{"@type":"SearchAction","target":{"@type":"EntryPoint","urlTemplate":"https:\/\/www.magna.org\/sk\/?s={search_term_string}"},"query-input":{"@type":"PropertyValueSpecification","valueRequired":true,"valueName":"search_term_string"}}],"inLanguage":"en-US"},{"@type":"Person","@id":"https:\/\/www.magna.org\/sk\/#\/schema\/person\/5ba0ec6eee787d64596839e5ba054a3c","name":"magna","image":{"@type":"ImageObject","inLanguage":"en-US","@id":"https:\/\/www.magna.org\/sk\/#\/schema\/person\/image\/","url":"https:\/\/secure.gravatar.com\/avatar\/c48678daf250d326987444888ba874b15d966557659590ee15699486b7e120b3?s=96&d=mm&r=g","contentUrl":"https:\/\/secure.gravatar.com\/avatar\/c48678daf250d326987444888ba874b15d966557659590ee15699486b7e120b3?s=96&d=mm&r=g","caption":"magna"},"url":"https:\/\/www.magna.org\/sk\/author\/magna\/"}]}},"_links":{"self":[{"href":"https:\/\/www.magna.org\/sk\/wp-json\/wp\/v2\/posts\/13796","targetHints":{"allow":["GET"]}}],"collection":[{"href":"https:\/\/www.magna.org\/sk\/wp-json\/wp\/v2\/posts"}],"about":[{"href":"https:\/\/www.magna.org\/sk\/wp-json\/wp\/v2\/types\/post"}],"author":[{"embeddable":true,"href":"https:\/\/www.magna.org\/sk\/wp-json\/wp\/v2\/users\/2"}],"replies":[{"embeddable":true,"href":"https:\/\/www.magna.org\/sk\/wp-json\/wp\/v2\/comments?post=13796"}],"version-history":[{"count":35,"href":"https:\/\/www.magna.org\/sk\/wp-json\/wp\/v2\/posts\/13796\/revisions"}],"predecessor-version":[{"id":14270,"href":"https:\/\/www.magna.org\/sk\/wp-json\/wp\/v2\/posts\/13796\/revisions\/14270"}],"wp:featuredmedia":[{"embeddable":true,"href":"https:\/\/www.magna.org\/sk\/wp-json\/wp\/v2\/media\/13797"}],"wp:attachment":[{"href":"https:\/\/www.magna.org\/sk\/wp-json\/wp\/v2\/media?parent=13796"}],"wp:term":[{"taxonomy":"category","embeddable":true,"href":"https:\/\/www.magna.org\/sk\/wp-json\/wp\/v2\/categories?post=13796"},{"taxonomy":"post_tag","embeddable":true,"href":"https:\/\/www.magna.org\/sk\/wp-json\/wp\/v2\/tags?post=13796"},{"taxonomy":"post_country","embeddable":true,"href":"https:\/\/www.magna.org\/sk\/wp-json\/wp\/v2\/post_country?post=13796"},{"taxonomy":"post_year","embeddable":true,"href":"https:\/\/www.magna.org\/sk\/wp-json\/wp\/v2\/post_year?post=13796"},{"taxonomy":"post_layout","embeddable":true,"href":"https:\/\/www.magna.org\/sk\/wp-json\/wp\/v2\/post_layout?post=13796"},{"taxonomy":"post_topic","embeddable":true,"href":"https:\/\/www.magna.org\/sk\/wp-json\/wp\/v2\/post_topic?post=13796"}],"curies":[{"name":"wp","href":"https:\/\/api.w.org\/{rel}","templated":true}]}}