{"id":15572,"date":"2024-09-26T09:53:34","date_gmt":"2024-09-26T09:53:34","guid":{"rendered":"https:\/\/www.magna.org\/sk\/?p=15572"},"modified":"2024-09-29T19:08:41","modified_gmt":"2024-09-29T19:08:41","slug":"vystava-ne-schovaju-sa","status":"publish","type":"post","link":"https:\/\/www.magna.org\/sk\/spravy-sk\/slovensko-spravy\/vystava-ne-schovaju-sa\/","title":{"rendered":"V\u00fdstava fotografi\u00ed: (ne) schovaj\u00fa sa"},"content":{"rendered":"<div class=\"e-content-text\"><div class=\"e-content-text__inner\">\n<p>Poz\u00fdvame v\u00e1s na v\u00fdstavu do verejnej gal\u00e9rie humanit\u00e1rnej organiz\u00e1cie MAGNA &#8211; Pinakot\u00e9ka na Pansk\u00fa ulicu 13 v Bratislave.<\/p>\n<\/div><\/div>\n\n<div class=\"e-content-text\"><div class=\"e-content-text__inner\">\n<p class=\"has-vivid-red-color has-text-color has-link-color wp-elements-e998229ebe06079e9a5af44927106ca2\">(ne) schovaj\u00fa sa<br>Martin Band\u017e\u00e1k<br>1.10. &#8211; 25.10.2024<\/p>\n<\/div><\/div>\n\n<div class=\"e-content-text\"><div class=\"e-content-text__inner\">\n<p><strong>Schovan\u00ed, neschovan\u00ed, idem!<\/strong><\/p>\n<\/div><\/div>\n\n<div class=\"e-content-text\"><div class=\"e-content-text__inner\">\n<p>Hru na schov\u00e1va\u010dku u n\u00e1s poznaj\u00fa sn\u00e1\u010f v\u0161etky deti. Niekedy sa ukryj\u00fa tak, \u017ee ich ihne\u010f n\u00e1jdeme, inokedy ich mus\u00edme h\u013eada\u0165 trochu dlh\u0161ie, no \u010dasto ich prezrad\u00ed vlastn\u00fd smiech. Mili\u00f3nom det\u00ed po celom svete sa v\u0161ak schova\u0165 nikdy nepodar\u00ed. V \u017eivote, ktor\u00fd sa s nimi nehr\u00e1, sa neschovaj\u00fa pred vojnou, hladom, n\u00e1sil\u00edm, katastrofami \u010di chorobami. <\/p>\n<\/div><\/div>\n\n<div class=\"e-content-media e-content-media--md\">\n            <img loading=\"lazy\" decoding=\"async\" width=\"419\" height=\"595\" src=\"https:\/\/www.magna.org\/sk\/wp-content\/uploads\/2024\/09\/sk.magna.org-ne-schovaju-sa-neschovajusa-handout-web.jpg\" class=\"attachment-magna-md size-magna-md\" alt=\"\" srcset=\"https:\/\/www.magna.org\/sk\/wp-content\/uploads\/2024\/09\/sk.magna.org-ne-schovaju-sa-neschovajusa-handout-web.jpg 419w, https:\/\/www.magna.org\/sk\/wp-content\/uploads\/2024\/09\/sk.magna.org-ne-schovaju-sa-neschovajusa-handout-web-211x300.jpg 211w, https:\/\/www.magna.org\/sk\/wp-content\/uploads\/2024\/09\/sk.magna.org-ne-schovaju-sa-neschovajusa-handout-web-384x545.jpg 384w\" sizes=\"auto, (max-width: 419px) 100vw, 419px\" \/>\n<\/div>\n\n<div class=\"e-content-text\"><div class=\"e-content-text__inner\">\n<p><strong>Pinakoteka<\/strong>&nbsp;predstavuje umeleck\u00e9 diela potrebn\u00e9 pre pochopenie temn\u00fdch str\u00e1nok s\u00fa\u010dasn\u00e9ho sveta. Prostredn\u00edctvom dynamick\u00e9ho dial\u00f3gu sa pok\u00fa\u0161a vyrie\u0161i\u0165 mnoh\u00e9 dichot\u00f3mie n\u00e1\u0161ho prepojen\u00e9ho, no z\u00e1rove\u0148 rozbit\u00e9ho sveta.<\/p>\n<\/div><\/div>\n\n<div class=\"e-content-text\"><div class=\"e-content-text__inner\">\n<p>Na\u0161a bl\u00edzkos\u0165 k \u013eu\u010fom v n\u00fadzi si vy\u017eaduje, aby sme o nich hovorili. Pinakoteka je na\u0161ou odpove\u010fou na potrebu zv\u00fd\u0161i\u0165 povedomie o ich situ\u00e1cii, aby n\u00e1m v kone\u010dnom d\u00f4sledku pomohla zlep\u0161i\u0165 ich stav.<\/p>\n<\/div><\/div>","protected":false},"excerpt":{"rendered":"<p>Poz\u00fdvame v\u00e1s na v\u00fdstavu do verejnej gal\u00e9rie humanit\u00e1rnej organiz\u00e1cie MAGNA &#8211; Pinakot\u00e9ka na Pansk\u00fa ulicu 13 v Bratislave. (ne) schovaj\u00fa saMartin Band\u017e\u00e1k1.10. &#8211; 25.10.2024 Schovan\u00ed, neschovan\u00ed, idem! Hru na schov\u00e1va\u010dku u n\u00e1s poznaj\u00fa sn\u00e1\u010f v\u0161etky deti. Niekedy sa ukryj\u00fa tak, \u017ee ich ihne\u010f n\u00e1jdeme, inokedy ich mus\u00edme h\u013eada\u0165 trochu dlh\u0161ie, no \u010dasto ich prezrad\u00ed vlastn\u00fd [&hellip;]<\/p>\n","protected":false},"author":2,"featured_media":15328,"comment_status":"closed","ping_status":"closed","sticky":false,"template":"","format":"standard","meta":{"_acf_changed":false,"inline_featured_image":false,"footnotes":""},"categories":[1047],"tags":[399],"post_country":[48],"post_year":[1111],"post_layout":[397],"post_topic":[],"class_list":["post-15572","post","type-post","status-publish","format-standard","has-post-thumbnail","hentry","category-slovensko-spravy","tag-awarness-kampan","post_country-slovensko","post_year-1111","post_layout-awarness-kampan"],"acf":[],"yoast_head":"<!-- This site is optimized with the Yoast SEO plugin v24.3 - https:\/\/yoast.com\/wordpress\/plugins\/seo\/ -->\n<title>V\u00fdstava fotografi\u00ed: (ne) schovaj\u00fa sa - Magna<\/title>\n<meta name=\"description\" content=\"Poz\u00fdvame v\u00e1s na v\u00fdstavu Martina Band\u017e\u00e1ka do verejnej gal\u00e9rie humanit\u00e1rnej organiz\u00e1cie MAGNA - Pinakot\u00e9ka na Pansk\u00fa ulicu 13 v Bratislave.\" \/>\n<meta name=\"robots\" content=\"index, follow, max-snippet:-1, max-image-preview:large, max-video-preview:-1\" \/>\n<link rel=\"canonical\" href=\"https:\/\/www.magna.org\/sk\/spravy-sk\/slovensko-spravy\/vystava-ne-schovaju-sa\/\" \/>\n<meta property=\"og:locale\" content=\"en_US\" \/>\n<meta property=\"og:type\" content=\"article\" \/>\n<meta property=\"og:title\" content=\"(ne) schovaj\u00fa sa - v\u00fdstava fotografi\u00ed\" \/>\n<meta property=\"og:description\" content=\"Poz\u00fdvame v\u00e1s na v\u00fdstavu Martina Band\u017e\u00e1ka do verejnej gal\u00e9rie humanit\u00e1rnej organiz\u00e1cie MAGNA - Pinakot\u00e9ka na Pansk\u00fa ulicu 13 v Bratislave.\" \/>\n<meta property=\"og:url\" content=\"https:\/\/www.magna.org\/sk\/spravy-sk\/slovensko-spravy\/vystava-ne-schovaju-sa\/\" \/>\n<meta property=\"og:site_name\" content=\"Magna\" \/>\n<meta property=\"article:published_time\" content=\"2024-09-26T09:53:34+00:00\" \/>\n<meta property=\"article:modified_time\" content=\"2024-09-29T19:08:41+00:00\" \/>\n<meta property=\"og:image\" content=\"https:\/\/www.magna.org\/sk\/wp-content\/uploads\/2024\/08\/sk.magna.org-ne-schovaju-sa-mb202109g01754-scaled.jpg\" \/>\n\t<meta property=\"og:image:width\" content=\"1706\" \/>\n\t<meta property=\"og:image:height\" content=\"2560\" \/>\n\t<meta property=\"og:image:type\" content=\"image\/jpeg\" \/>\n<meta name=\"author\" content=\"magna\" \/>\n<meta name=\"twitter:card\" content=\"summary_large_image\" \/>\n<meta name=\"twitter:title\" content=\"(ne) schovaj\u00fa sa - v\u00fdstava fotografi\u00ed\" \/>\n<meta name=\"twitter:description\" content=\"Poz\u00fdvame v\u00e1s na v\u00fdstavu Martina Band\u017e\u00e1ka do verejnej gal\u00e9rie humanit\u00e1rnej organiz\u00e1cie MAGNA - Pinakot\u00e9ka na Pansk\u00fa ulicu 13 v Bratislave.\" \/>\n<meta name=\"twitter:image\" content=\"https:\/\/www.magna.org\/sk\/wp-content\/uploads\/2024\/08\/sk.magna.org-ne-schovaju-sa-mb202109g01754-scaled.jpg\" \/>\n<meta name=\"twitter:label1\" content=\"Written by\" \/>\n\t<meta name=\"twitter:data1\" content=\"magna\" \/>\n\t<meta name=\"twitter:label2\" content=\"Est. reading time\" \/>\n\t<meta name=\"twitter:data2\" content=\"1 minute\" \/>\n<script type=\"application\/ld+json\" class=\"yoast-schema-graph\">{\"@context\":\"https:\/\/schema.org\",\"@graph\":[{\"@type\":\"WebPage\",\"@id\":\"https:\/\/www.magna.org\/sk\/spravy-sk\/slovensko-spravy\/vystava-ne-schovaju-sa\/\",\"url\":\"https:\/\/www.magna.org\/sk\/spravy-sk\/slovensko-spravy\/vystava-ne-schovaju-sa\/\",\"name\":\"V\u00fdstava fotografi\u00ed: (ne) schovaj\u00fa sa - Magna\",\"isPartOf\":{\"@id\":\"https:\/\/www.magna.org\/sk\/#website\"},\"primaryImageOfPage\":{\"@id\":\"https:\/\/www.magna.org\/sk\/spravy-sk\/slovensko-spravy\/vystava-ne-schovaju-sa\/#primaryimage\"},\"image\":{\"@id\":\"https:\/\/www.magna.org\/sk\/spravy-sk\/slovensko-spravy\/vystava-ne-schovaju-sa\/#primaryimage\"},\"thumbnailUrl\":\"https:\/\/www.magna.org\/sk\/wp-content\/uploads\/2024\/08\/sk.magna.org-ne-schovaju-sa-mb202109g01754-scaled.jpg\",\"datePublished\":\"2024-09-26T09:53:34+00:00\",\"dateModified\":\"2024-09-29T19:08:41+00:00\",\"author\":{\"@id\":\"https:\/\/www.magna.org\/sk\/#\/schema\/person\/5ba0ec6eee787d64596839e5ba054a3c\"},\"description\":\"Poz\u00fdvame v\u00e1s na v\u00fdstavu Martina Band\u017e\u00e1ka do verejnej gal\u00e9rie humanit\u00e1rnej organiz\u00e1cie MAGNA - Pinakot\u00e9ka na Pansk\u00fa ulicu 13 v Bratislave.\",\"breadcrumb\":{\"@id\":\"https:\/\/www.magna.org\/sk\/spravy-sk\/slovensko-spravy\/vystava-ne-schovaju-sa\/#breadcrumb\"},\"inLanguage\":\"en-US\",\"potentialAction\":[{\"@type\":\"ReadAction\",\"target\":[\"https:\/\/www.magna.org\/sk\/spravy-sk\/slovensko-spravy\/vystava-ne-schovaju-sa\/\"]}]},{\"@type\":\"ImageObject\",\"inLanguage\":\"en-US\",\"@id\":\"https:\/\/www.magna.org\/sk\/spravy-sk\/slovensko-spravy\/vystava-ne-schovaju-sa\/#primaryimage\",\"url\":\"https:\/\/www.magna.org\/sk\/wp-content\/uploads\/2024\/08\/sk.magna.org-ne-schovaju-sa-mb202109g01754-scaled.jpg\",\"contentUrl\":\"https:\/\/www.magna.org\/sk\/wp-content\/uploads\/2024\/08\/sk.magna.org-ne-schovaju-sa-mb202109g01754-scaled.jpg\",\"width\":1706,\"height\":2560},{\"@type\":\"BreadcrumbList\",\"@id\":\"https:\/\/www.magna.org\/sk\/spravy-sk\/slovensko-spravy\/vystava-ne-schovaju-sa\/#breadcrumb\",\"itemListElement\":[{\"@type\":\"ListItem\",\"position\":1,\"name\":\"Home\",\"item\":\"https:\/\/www.magna.org\/sk\/\"},{\"@type\":\"ListItem\",\"position\":2,\"name\":\"V\u00fdstava fotografi\u00ed: (ne) schovaj\u00fa sa\"}]},{\"@type\":\"WebSite\",\"@id\":\"https:\/\/www.magna.org\/sk\/#website\",\"url\":\"https:\/\/www.magna.org\/sk\/\",\"name\":\"Magna\",\"description\":\"Just another WordPress site\",\"potentialAction\":[{\"@type\":\"SearchAction\",\"target\":{\"@type\":\"EntryPoint\",\"urlTemplate\":\"https:\/\/www.magna.org\/sk\/?s={search_term_string}\"},\"query-input\":{\"@type\":\"PropertyValueSpecification\",\"valueRequired\":true,\"valueName\":\"search_term_string\"}}],\"inLanguage\":\"en-US\"},{\"@type\":\"Person\",\"@id\":\"https:\/\/www.magna.org\/sk\/#\/schema\/person\/5ba0ec6eee787d64596839e5ba054a3c\",\"name\":\"magna\",\"image\":{\"@type\":\"ImageObject\",\"inLanguage\":\"en-US\",\"@id\":\"https:\/\/www.magna.org\/sk\/#\/schema\/person\/image\/\",\"url\":\"https:\/\/secure.gravatar.com\/avatar\/c48678daf250d326987444888ba874b15d966557659590ee15699486b7e120b3?s=96&d=mm&r=g\",\"contentUrl\":\"https:\/\/secure.gravatar.com\/avatar\/c48678daf250d326987444888ba874b15d966557659590ee15699486b7e120b3?s=96&d=mm&r=g\",\"caption\":\"magna\"},\"url\":\"https:\/\/www.magna.org\/sk\/author\/magna\/\"}]}<\/script>\n<!-- \/ Yoast SEO plugin. -->","yoast_head_json":{"title":"V\u00fdstava fotografi\u00ed: (ne) schovaj\u00fa sa - Magna","description":"Poz\u00fdvame v\u00e1s na v\u00fdstavu Martina Band\u017e\u00e1ka do verejnej gal\u00e9rie humanit\u00e1rnej organiz\u00e1cie MAGNA - Pinakot\u00e9ka na Pansk\u00fa ulicu 13 v Bratislave.","robots":{"index":"index","follow":"follow","max-snippet":"max-snippet:-1","max-image-preview":"max-image-preview:large","max-video-preview":"max-video-preview:-1"},"canonical":"https:\/\/www.magna.org\/sk\/spravy-sk\/slovensko-spravy\/vystava-ne-schovaju-sa\/","og_locale":"en_US","og_type":"article","og_title":"(ne) schovaj\u00fa sa - v\u00fdstava fotografi\u00ed","og_description":"Poz\u00fdvame v\u00e1s na v\u00fdstavu Martina Band\u017e\u00e1ka do verejnej gal\u00e9rie humanit\u00e1rnej organiz\u00e1cie MAGNA - Pinakot\u00e9ka na Pansk\u00fa ulicu 13 v Bratislave.","og_url":"https:\/\/www.magna.org\/sk\/spravy-sk\/slovensko-spravy\/vystava-ne-schovaju-sa\/","og_site_name":"Magna","article_published_time":"2024-09-26T09:53:34+00:00","article_modified_time":"2024-09-29T19:08:41+00:00","og_image":[{"width":1706,"height":2560,"url":"https:\/\/www.magna.org\/sk\/wp-content\/uploads\/2024\/08\/sk.magna.org-ne-schovaju-sa-mb202109g01754-scaled.jpg","type":"image\/jpeg"}],"author":"magna","twitter_card":"summary_large_image","twitter_title":"(ne) schovaj\u00fa sa - v\u00fdstava fotografi\u00ed","twitter_description":"Poz\u00fdvame v\u00e1s na v\u00fdstavu Martina Band\u017e\u00e1ka do verejnej gal\u00e9rie humanit\u00e1rnej organiz\u00e1cie MAGNA - Pinakot\u00e9ka na Pansk\u00fa ulicu 13 v Bratislave.","twitter_image":"https:\/\/www.magna.org\/sk\/wp-content\/uploads\/2024\/08\/sk.magna.org-ne-schovaju-sa-mb202109g01754-scaled.jpg","twitter_misc":{"Written by":"magna","Est. reading time":"1 minute"},"schema":{"@context":"https:\/\/schema.org","@graph":[{"@type":"WebPage","@id":"https:\/\/www.magna.org\/sk\/spravy-sk\/slovensko-spravy\/vystava-ne-schovaju-sa\/","url":"https:\/\/www.magna.org\/sk\/spravy-sk\/slovensko-spravy\/vystava-ne-schovaju-sa\/","name":"V\u00fdstava fotografi\u00ed: (ne) schovaj\u00fa sa - Magna","isPartOf":{"@id":"https:\/\/www.magna.org\/sk\/#website"},"primaryImageOfPage":{"@id":"https:\/\/www.magna.org\/sk\/spravy-sk\/slovensko-spravy\/vystava-ne-schovaju-sa\/#primaryimage"},"image":{"@id":"https:\/\/www.magna.org\/sk\/spravy-sk\/slovensko-spravy\/vystava-ne-schovaju-sa\/#primaryimage"},"thumbnailUrl":"https:\/\/www.magna.org\/sk\/wp-content\/uploads\/2024\/08\/sk.magna.org-ne-schovaju-sa-mb202109g01754-scaled.jpg","datePublished":"2024-09-26T09:53:34+00:00","dateModified":"2024-09-29T19:08:41+00:00","author":{"@id":"https:\/\/www.magna.org\/sk\/#\/schema\/person\/5ba0ec6eee787d64596839e5ba054a3c"},"description":"Poz\u00fdvame v\u00e1s na v\u00fdstavu Martina Band\u017e\u00e1ka do verejnej gal\u00e9rie humanit\u00e1rnej organiz\u00e1cie MAGNA - Pinakot\u00e9ka na Pansk\u00fa ulicu 13 v Bratislave.","breadcrumb":{"@id":"https:\/\/www.magna.org\/sk\/spravy-sk\/slovensko-spravy\/vystava-ne-schovaju-sa\/#breadcrumb"},"inLanguage":"en-US","potentialAction":[{"@type":"ReadAction","target":["https:\/\/www.magna.org\/sk\/spravy-sk\/slovensko-spravy\/vystava-ne-schovaju-sa\/"]}]},{"@type":"ImageObject","inLanguage":"en-US","@id":"https:\/\/www.magna.org\/sk\/spravy-sk\/slovensko-spravy\/vystava-ne-schovaju-sa\/#primaryimage","url":"https:\/\/www.magna.org\/sk\/wp-content\/uploads\/2024\/08\/sk.magna.org-ne-schovaju-sa-mb202109g01754-scaled.jpg","contentUrl":"https:\/\/www.magna.org\/sk\/wp-content\/uploads\/2024\/08\/sk.magna.org-ne-schovaju-sa-mb202109g01754-scaled.jpg","width":1706,"height":2560},{"@type":"BreadcrumbList","@id":"https:\/\/www.magna.org\/sk\/spravy-sk\/slovensko-spravy\/vystava-ne-schovaju-sa\/#breadcrumb","itemListElement":[{"@type":"ListItem","position":1,"name":"Home","item":"https:\/\/www.magna.org\/sk\/"},{"@type":"ListItem","position":2,"name":"V\u00fdstava fotografi\u00ed: (ne) schovaj\u00fa sa"}]},{"@type":"WebSite","@id":"https:\/\/www.magna.org\/sk\/#website","url":"https:\/\/www.magna.org\/sk\/","name":"Magna","description":"Just another WordPress site","potentialAction":[{"@type":"SearchAction","target":{"@type":"EntryPoint","urlTemplate":"https:\/\/www.magna.org\/sk\/?s={search_term_string}"},"query-input":{"@type":"PropertyValueSpecification","valueRequired":true,"valueName":"search_term_string"}}],"inLanguage":"en-US"},{"@type":"Person","@id":"https:\/\/www.magna.org\/sk\/#\/schema\/person\/5ba0ec6eee787d64596839e5ba054a3c","name":"magna","image":{"@type":"ImageObject","inLanguage":"en-US","@id":"https:\/\/www.magna.org\/sk\/#\/schema\/person\/image\/","url":"https:\/\/secure.gravatar.com\/avatar\/c48678daf250d326987444888ba874b15d966557659590ee15699486b7e120b3?s=96&d=mm&r=g","contentUrl":"https:\/\/secure.gravatar.com\/avatar\/c48678daf250d326987444888ba874b15d966557659590ee15699486b7e120b3?s=96&d=mm&r=g","caption":"magna"},"url":"https:\/\/www.magna.org\/sk\/author\/magna\/"}]}},"_links":{"self":[{"href":"https:\/\/www.magna.org\/sk\/wp-json\/wp\/v2\/posts\/15572","targetHints":{"allow":["GET"]}}],"collection":[{"href":"https:\/\/www.magna.org\/sk\/wp-json\/wp\/v2\/posts"}],"about":[{"href":"https:\/\/www.magna.org\/sk\/wp-json\/wp\/v2\/types\/post"}],"author":[{"embeddable":true,"href":"https:\/\/www.magna.org\/sk\/wp-json\/wp\/v2\/users\/2"}],"replies":[{"embeddable":true,"href":"https:\/\/www.magna.org\/sk\/wp-json\/wp\/v2\/comments?post=15572"}],"version-history":[{"count":9,"href":"https:\/\/www.magna.org\/sk\/wp-json\/wp\/v2\/posts\/15572\/revisions"}],"predecessor-version":[{"id":15618,"href":"https:\/\/www.magna.org\/sk\/wp-json\/wp\/v2\/posts\/15572\/revisions\/15618"}],"wp:featuredmedia":[{"embeddable":true,"href":"https:\/\/www.magna.org\/sk\/wp-json\/wp\/v2\/media\/15328"}],"wp:attachment":[{"href":"https:\/\/www.magna.org\/sk\/wp-json\/wp\/v2\/media?parent=15572"}],"wp:term":[{"taxonomy":"category","embeddable":true,"href":"https:\/\/www.magna.org\/sk\/wp-json\/wp\/v2\/categories?post=15572"},{"taxonomy":"post_tag","embeddable":true,"href":"https:\/\/www.magna.org\/sk\/wp-json\/wp\/v2\/tags?post=15572"},{"taxonomy":"post_country","embeddable":true,"href":"https:\/\/www.magna.org\/sk\/wp-json\/wp\/v2\/post_country?post=15572"},{"taxonomy":"post_year","embeddable":true,"href":"https:\/\/www.magna.org\/sk\/wp-json\/wp\/v2\/post_year?post=15572"},{"taxonomy":"post_layout","embeddable":true,"href":"https:\/\/www.magna.org\/sk\/wp-json\/wp\/v2\/post_layout?post=15572"},{"taxonomy":"post_topic","embeddable":true,"href":"https:\/\/www.magna.org\/sk\/wp-json\/wp\/v2\/post_topic?post=15572"}],"curies":[{"name":"wp","href":"https:\/\/api.w.org\/{rel}","templated":true}]}}