{"id":16754,"date":"2025-03-29T06:46:55","date_gmt":"2025-03-29T06:46:55","guid":{"rendered":"https:\/\/www.magna.org\/sk\/?p=16754"},"modified":"2025-11-30T16:23:35","modified_gmt":"2025-11-30T16:23:35","slug":"zemetrasenie-v-mjanmarsku","status":"publish","type":"post","link":"https:\/\/www.magna.org\/sk\/spravy-sk\/mjanmarsko-spravy\/zemetrasenie-v-mjanmarsku\/","title":{"rendered":"Zemetrasenie v Mjanmarsku"},"content":{"rendered":"<div class=\"e-content-text\"><div class=\"e-content-text__inner\">\n<p>Mjanmarsko zasiahlo v piatok 28. marca zemetrasenie s magnit\u00fadou 7,7, pri\u010dom otrasy boli c\u00edti\u0165 v celej krajine, ako aj v Thajsku. Epicentrum zemetrasenia bolo bl\u00edzko mesta Mandalay, druh\u00e9ho najv\u00e4\u010d\u0161ieho mesta Mjanmarska. \u00dapln\u00fd rozsah \u0161k\u00f4d nie je zn\u00e1my, ale pod\u013ea prv\u00fdch spr\u00e1v bolo zabit\u00fdch viac ako 100 \u013eud\u00ed a stovky zranen\u00fdch.<\/p>\n<\/div><\/div>\n\n<div class=\"e-content-cite\">\n    <blockquote class=\"e-content-cite__wrap\">\n        <div class=\"e-content-cite__text\">So zabezpe\u010dovan\u00edm humanit\u00e1rnej pomoci po zemetraseniach maj\u00fa na\u0161e t\u00edmy sk\u00fasenosti a to aj priamo z postihnut\u00e9ho Mjanmarska, kde sme po cykl\u00f3ne Nargis priniesli zdravotn\u00fa pomoc a jedlo pre 300 tis\u00edc \u013eud\u00ed. Ako jedna z m\u00e1la organiz\u00e1ci\u00ed sme boli schopn\u00ed prinies\u0165 pomoc a zabezpe\u010di\u0165 jej nez\u00e1visl\u00fa distrib\u00faciu v krajine.<\/div>\n        <div class=\"e-content-cite__author\">Martin Band\u017e\u00e1k, riadite\u013e organiz\u00e1cie MAGNA<\/div>\n    <\/blockquote>\n<\/div>\n\n<div class=\"e-content-text\"><div class=\"e-content-text__inner\">\n<p>Vzh\u013eadom na rozsah zemetrasenia m\u00f4\u017ee by\u0165 dopad na \u013eud\u00ed zni\u010duj\u00faci, najm\u00e4 pre t\u00fdch, ktor\u00ed potrebuj\u00fa okam\u017eit\u00fa pomoc pri z\u00e1chrane \u017eivota. M\u00e1me tie\u017e obavy o t\u00fdch, ktor\u00ed bud\u00fa zranite\u013en\u00ed po strate domova, pr\u00edstupu k v\u0161eobecnej zdravotnej starostlivosti a k z\u00e1kladn\u00fdm potreb\u00e1m ako je aj pr\u00edstup k pitnej vode.<\/p>\n<\/div><\/div>\n\n<div class=\"e-content-text\"><div class=\"e-content-text__inner\">\n<p><strong>T\u00edmy MAGNA s\u00fa pripraven\u00e9 zasiahnu\u0165 a prostredn\u00edctvom na\u0161ich partnerov v krajine moment\u00e1lne zis\u0165ujeme ak\u00fatne potreby. Len v\u010faka darcom ako ste aj vy dok\u00e1\u017eeme na katastrofy r\u00fdchlo a efekt\u00edvne reagova\u0165. Ak m\u00f4\u017eete, pros\u00edme, darujte tu a teraz.<\/strong><\/p>\n<\/div><\/div>\n\n<div class=\"e-content-text\"><div class=\"e-content-text__inner\">\n<p>R\u00fdchly a efekt\u00edvny sp\u00f4sob ako darova\u0165 je cez v\u00e1\u0161 mobil. Sta\u010d\u00ed posla\u0165 SMS v tvare MAGNA na \u010d\u00edslo 836 a prispejete v hodnote 10,-Eur na pomoc obetiam katastrof akou je zemetrasenie v Mjanmarsku.<\/p>\n<\/div><\/div>\n\n<section class=\"s-button hc-section-space--normal\">\n    <div class=\"s-button__inner\">\n        <a href=\"sms:836;?&amp;body=MAGNA\" class=\"e-btn e-btn--dark e-btn--large\" target=\"\">Chcem posla\u0165 SMS<\/a>\n    <\/div>\n<\/section>\n\n<div class=\"e-content-text\"><div class=\"e-content-text__inner\">\n<p class=\"has-text-align-center\"><strong>Tatra banka a.s.<\/strong><br><strong>IBAN: SK58 1100 0000 0029 4300 4292<\/strong><br><strong>SWIFT: TATRSKBX<\/strong><\/p>\n<\/div><\/div>\n\n<div class=\"e-content-text\"><div class=\"e-content-text__inner\">\n<p class=\"has-text-align-center\">Dary, ktor\u00e9 po\u0161lete do Fondu urgentnej pomoci v r\u00e1mci verejnej zbierky vyu\u017e\u00edvame len za \u00fa\u010delom okam\u017eite zasiahnu\u0165 a pom\u00f4c\u0165 postihnut\u00e9mu miestnemu obyvate\u013estvu v pr\u00edpade n\u00fadzovej situ\u00e1cie.<\/p>\n<\/div><\/div>\n\n<div class=\"e-content-text\"><div class=\"e-content-text__inner\">\n<figure class=\"wp-block-image size-full is-resized\"><img loading=\"lazy\" decoding=\"async\" width=\"800\" height=\"600\" src=\"https:\/\/www.magna.org\/sk\/wp-content\/uploads\/2022\/12\/img_5093.jpg\" alt=\"\" class=\"wp-image-8896\" style=\"width:840px;height:auto\" srcset=\"https:\/\/www.magna.org\/sk\/wp-content\/uploads\/2022\/12\/img_5093.jpg 800w, https:\/\/www.magna.org\/sk\/wp-content\/uploads\/2022\/12\/img_5093-300x225.jpg 300w, https:\/\/www.magna.org\/sk\/wp-content\/uploads\/2022\/12\/img_5093-768x576.jpg 768w, https:\/\/www.magna.org\/sk\/wp-content\/uploads\/2022\/12\/img_5093-698x524.jpg 698w, https:\/\/www.magna.org\/sk\/wp-content\/uploads\/2022\/12\/img_5093-1396x1048.jpg 1396w, https:\/\/www.magna.org\/sk\/wp-content\/uploads\/2022\/12\/img_5093-552x414.jpg 552w, https:\/\/www.magna.org\/sk\/wp-content\/uploads\/2022\/12\/img_5093-384x288.jpg 384w, https:\/\/www.magna.org\/sk\/wp-content\/uploads\/2022\/12\/img_5093-676x507.jpg 676w\" sizes=\"auto, (max-width: 800px) 100vw, 800px\" \/><\/figure>\n<\/div><\/div>\n\n<div class=\"e-content-text\"><div class=\"e-content-text__inner\">\n<h2 class=\"wp-block-heading\">MAGNA v Mjanmarsku<\/h2>\n<\/div><\/div>\n\n<div class=\"e-content-text\"><div class=\"e-content-text__inner\">\n<p>MAGNA v Mjanamrsku p\u00f4sob\u00ed od roku 2008, kedy krajinu zasiahol ni\u010div\u00fd cykl\u00f3n Nargis, ktor\u00ed usmrtil vy\u0161e 300 tis\u00edc \u013eud\u00ed. MAGNA bola jednou z m\u00e1la organiz\u00e1ci\u00ed, ktor\u00fdm sa podarilo priamo na mieste v oblasti Irawaddy delty. <\/p>\n<\/div><\/div>\n\n<div class=\"e-content-text\"><div class=\"e-content-text__inner\">\n<p>MAGNA takisto v krajine spustila nutri\u010dn\u00fd program a distrib\u00faciu bal\u00ed\u010dkov terapeutickej stravy ako reakciu na extr\u00e9mne sucho v oblasti Magway, kde MAGNA t\u00edmy vykonali prieskum r\u00fdchleho antropometrick\u00e9ho merania, ktor\u00fd potvrdil, \u017ee skoro 36% det\u00ed pod 5 rokov je v stave podv\u00fd\u017eivy a z toho 12% det\u00ed je v stave ak\u00fatnej podv\u00fd\u017eivy. <\/p>\n<\/div><\/div>\n\n<div class=\"e-content-text\"><div class=\"e-content-text__inner\">\n<p>Lek\u00e1rska starostlivos\u0165 v krajine je nedostato\u010dn\u00e1. Uchopenie moci arm\u00e1dou v Mjanmarsku vo febru\u00e1ri 2021 sp\u00f4sobilo chaos v syst\u00e9me verejn\u00e9ho zdravotn\u00edctva, \u010do ohrozilo pr\u00edstup mili\u00f3nov \u013eud\u00ed k zdravotnej starostlivosti.<\/p>\n<\/div><\/div>","protected":false},"excerpt":{"rendered":"<p>Mjanmarsko zasiahlo v piatok 28. marca zemetrasenie s magnit\u00fadou 7,7, pri\u010dom otrasy boli c\u00edti\u0165 v celej krajine, ako aj v Thajsku. Epicentrum zemetrasenia bolo bl\u00edzko mesta Mandalay, druh\u00e9ho najv\u00e4\u010d\u0161ieho mesta Mjanmarska. \u00dapln\u00fd rozsah \u0161k\u00f4d nie je zn\u00e1my, ale pod\u013ea prv\u00fdch spr\u00e1v bolo zabit\u00fdch viac ako 100 \u013eud\u00ed a stovky zranen\u00fdch. Vzh\u013eadom na rozsah zemetrasenia m\u00f4\u017ee [&hellip;]<\/p>\n","protected":false},"author":2,"featured_media":16775,"comment_status":"closed","ping_status":"closed","sticky":false,"template":"","format":"standard","meta":{"_acf_changed":false,"inline_featured_image":false,"footnotes":""},"categories":[344],"tags":[142],"post_country":[393],"post_year":[1115],"post_layout":[49],"post_topic":[403],"class_list":["post-16754","post","type-post","status-publish","format-standard","has-post-thumbnail","hentry","category-mjanmarsko-spravy","tag-tlacova-sprava","post_country-mjanmarsko","post_year-1115","post_layout-tlacova-sprava","post_topic-prirodne-katastrofy"],"acf":[],"yoast_head":"<!-- This site is optimized with the Yoast SEO plugin v24.3 - https:\/\/yoast.com\/wordpress\/plugins\/seo\/ -->\n<title>Zemetrasenie v Mjanmarsku - Magna<\/title>\n<meta name=\"description\" content=\"V piatok 28. marca zasiahlo Mjanmarksko zemetrasenie s magnit\u00fadou 7,7, pri\u010dom otrasy boli c\u00edti\u0165 aj v Thajsku. So zabezpe\u010dovan\u00edm humanit\u00e1rnej pomoci po zemetraseniach maj\u00fa na\u0161e t\u00edmy sk\u00fasenosti a to aj priamo z postihnut\u00e9ho Mjanmarska\" \/>\n<meta name=\"robots\" content=\"index, follow, max-snippet:-1, max-image-preview:large, max-video-preview:-1\" \/>\n<link rel=\"canonical\" href=\"https:\/\/www.magna.org\/sk\/spravy-sk\/mjanmarsko-spravy\/zemetrasenie-v-mjanmarsku\/\" \/>\n<meta property=\"og:locale\" content=\"en_US\" \/>\n<meta property=\"og:type\" content=\"article\" \/>\n<meta property=\"og:title\" content=\"Zemetrasenie v Mjanmarsku\" \/>\n<meta property=\"og:description\" content=\"V piatok 28. marca zasiahlo Mjanmarksko zemetrasenie s magnit\u00fadou 7,7, pri\u010dom otrasy boli c\u00edti\u0165 aj v Thajsku. So zabezpe\u010dovan\u00edm humanit\u00e1rnej pomoci po zemetraseniach maj\u00fa na\u0161e t\u00edmy sk\u00fasenosti a to aj priamo z postihnut\u00e9ho Mjanmarska\" \/>\n<meta property=\"og:url\" content=\"https:\/\/www.magna.org\/sk\/spravy-sk\/mjanmarsko-spravy\/zemetrasenie-v-mjanmarsku\/\" \/>\n<meta property=\"og:site_name\" content=\"Magna\" \/>\n<meta property=\"article:published_time\" content=\"2025-03-29T06:46:55+00:00\" \/>\n<meta property=\"article:modified_time\" content=\"2025-11-30T16:23:35+00:00\" \/>\n<meta property=\"og:image\" content=\"https:\/\/www.magna.org\/sk\/wp-content\/uploads\/2022\/12\/img_5093.jpg\" \/>\n\t<meta property=\"og:image:width\" content=\"800\" \/>\n\t<meta property=\"og:image:height\" content=\"600\" \/>\n\t<meta property=\"og:image:type\" content=\"image\/jpeg\" \/>\n<meta name=\"author\" content=\"magna\" \/>\n<meta name=\"twitter:card\" content=\"summary_large_image\" \/>\n<meta name=\"twitter:label1\" content=\"Written by\" \/>\n\t<meta name=\"twitter:data1\" content=\"magna\" \/>\n\t<meta name=\"twitter:label2\" content=\"Est. reading time\" \/>\n\t<meta name=\"twitter:data2\" content=\"2 minutes\" \/>\n<script type=\"application\/ld+json\" class=\"yoast-schema-graph\">{\"@context\":\"https:\/\/schema.org\",\"@graph\":[{\"@type\":\"WebPage\",\"@id\":\"https:\/\/www.magna.org\/sk\/spravy-sk\/mjanmarsko-spravy\/zemetrasenie-v-mjanmarsku\/\",\"url\":\"https:\/\/www.magna.org\/sk\/spravy-sk\/mjanmarsko-spravy\/zemetrasenie-v-mjanmarsku\/\",\"name\":\"Zemetrasenie v Mjanmarsku - Magna\",\"isPartOf\":{\"@id\":\"https:\/\/www.magna.org\/sk\/#website\"},\"primaryImageOfPage\":{\"@id\":\"https:\/\/www.magna.org\/sk\/spravy-sk\/mjanmarsko-spravy\/zemetrasenie-v-mjanmarsku\/#primaryimage\"},\"image\":{\"@id\":\"https:\/\/www.magna.org\/sk\/spravy-sk\/mjanmarsko-spravy\/zemetrasenie-v-mjanmarsku\/#primaryimage\"},\"thumbnailUrl\":\"https:\/\/www.magna.org\/sk\/wp-content\/uploads\/2025\/03\/sk.magna.org-domov-5cd90579-2427-4bae-b9a3-5074a697cf41.jpg\",\"datePublished\":\"2025-03-29T06:46:55+00:00\",\"dateModified\":\"2025-11-30T16:23:35+00:00\",\"author\":{\"@id\":\"https:\/\/www.magna.org\/sk\/#\/schema\/person\/5ba0ec6eee787d64596839e5ba054a3c\"},\"description\":\"V piatok 28. marca zasiahlo Mjanmarksko zemetrasenie s magnit\u00fadou 7,7, pri\u010dom otrasy boli c\u00edti\u0165 aj v Thajsku. So zabezpe\u010dovan\u00edm humanit\u00e1rnej pomoci po zemetraseniach maj\u00fa na\u0161e t\u00edmy sk\u00fasenosti a to aj priamo z postihnut\u00e9ho Mjanmarska\",\"breadcrumb\":{\"@id\":\"https:\/\/www.magna.org\/sk\/spravy-sk\/mjanmarsko-spravy\/zemetrasenie-v-mjanmarsku\/#breadcrumb\"},\"inLanguage\":\"en-US\",\"potentialAction\":[{\"@type\":\"ReadAction\",\"target\":[\"https:\/\/www.magna.org\/sk\/spravy-sk\/mjanmarsko-spravy\/zemetrasenie-v-mjanmarsku\/\"]}]},{\"@type\":\"ImageObject\",\"inLanguage\":\"en-US\",\"@id\":\"https:\/\/www.magna.org\/sk\/spravy-sk\/mjanmarsko-spravy\/zemetrasenie-v-mjanmarsku\/#primaryimage\",\"url\":\"https:\/\/www.magna.org\/sk\/wp-content\/uploads\/2025\/03\/sk.magna.org-domov-5cd90579-2427-4bae-b9a3-5074a697cf41.jpg\",\"contentUrl\":\"https:\/\/www.magna.org\/sk\/wp-content\/uploads\/2025\/03\/sk.magna.org-domov-5cd90579-2427-4bae-b9a3-5074a697cf41.jpg\",\"width\":720,\"height\":480},{\"@type\":\"BreadcrumbList\",\"@id\":\"https:\/\/www.magna.org\/sk\/spravy-sk\/mjanmarsko-spravy\/zemetrasenie-v-mjanmarsku\/#breadcrumb\",\"itemListElement\":[{\"@type\":\"ListItem\",\"position\":1,\"name\":\"Home\",\"item\":\"https:\/\/www.magna.org\/sk\/\"},{\"@type\":\"ListItem\",\"position\":2,\"name\":\"Zemetrasenie v Mjanmarsku\"}]},{\"@type\":\"WebSite\",\"@id\":\"https:\/\/www.magna.org\/sk\/#website\",\"url\":\"https:\/\/www.magna.org\/sk\/\",\"name\":\"Magna\",\"description\":\"Just another WordPress site\",\"potentialAction\":[{\"@type\":\"SearchAction\",\"target\":{\"@type\":\"EntryPoint\",\"urlTemplate\":\"https:\/\/www.magna.org\/sk\/?s={search_term_string}\"},\"query-input\":{\"@type\":\"PropertyValueSpecification\",\"valueRequired\":true,\"valueName\":\"search_term_string\"}}],\"inLanguage\":\"en-US\"},{\"@type\":\"Person\",\"@id\":\"https:\/\/www.magna.org\/sk\/#\/schema\/person\/5ba0ec6eee787d64596839e5ba054a3c\",\"name\":\"magna\",\"image\":{\"@type\":\"ImageObject\",\"inLanguage\":\"en-US\",\"@id\":\"https:\/\/www.magna.org\/sk\/#\/schema\/person\/image\/\",\"url\":\"https:\/\/secure.gravatar.com\/avatar\/c48678daf250d326987444888ba874b15d966557659590ee15699486b7e120b3?s=96&d=mm&r=g\",\"contentUrl\":\"https:\/\/secure.gravatar.com\/avatar\/c48678daf250d326987444888ba874b15d966557659590ee15699486b7e120b3?s=96&d=mm&r=g\",\"caption\":\"magna\"},\"url\":\"https:\/\/www.magna.org\/sk\/author\/magna\/\"}]}<\/script>\n<!-- \/ Yoast SEO plugin. -->","yoast_head_json":{"title":"Zemetrasenie v Mjanmarsku - Magna","description":"V piatok 28. marca zasiahlo Mjanmarksko zemetrasenie s magnit\u00fadou 7,7, pri\u010dom otrasy boli c\u00edti\u0165 aj v Thajsku. So zabezpe\u010dovan\u00edm humanit\u00e1rnej pomoci po zemetraseniach maj\u00fa na\u0161e t\u00edmy sk\u00fasenosti a to aj priamo z postihnut\u00e9ho Mjanmarska","robots":{"index":"index","follow":"follow","max-snippet":"max-snippet:-1","max-image-preview":"max-image-preview:large","max-video-preview":"max-video-preview:-1"},"canonical":"https:\/\/www.magna.org\/sk\/spravy-sk\/mjanmarsko-spravy\/zemetrasenie-v-mjanmarsku\/","og_locale":"en_US","og_type":"article","og_title":"Zemetrasenie v Mjanmarsku","og_description":"V piatok 28. marca zasiahlo Mjanmarksko zemetrasenie s magnit\u00fadou 7,7, pri\u010dom otrasy boli c\u00edti\u0165 aj v Thajsku. So zabezpe\u010dovan\u00edm humanit\u00e1rnej pomoci po zemetraseniach maj\u00fa na\u0161e t\u00edmy sk\u00fasenosti a to aj priamo z postihnut\u00e9ho Mjanmarska","og_url":"https:\/\/www.magna.org\/sk\/spravy-sk\/mjanmarsko-spravy\/zemetrasenie-v-mjanmarsku\/","og_site_name":"Magna","article_published_time":"2025-03-29T06:46:55+00:00","article_modified_time":"2025-11-30T16:23:35+00:00","og_image":[{"width":800,"height":600,"url":"https:\/\/www.magna.org\/sk\/wp-content\/uploads\/2022\/12\/img_5093.jpg","type":"image\/jpeg"}],"author":"magna","twitter_card":"summary_large_image","twitter_misc":{"Written by":"magna","Est. reading time":"2 minutes"},"schema":{"@context":"https:\/\/schema.org","@graph":[{"@type":"WebPage","@id":"https:\/\/www.magna.org\/sk\/spravy-sk\/mjanmarsko-spravy\/zemetrasenie-v-mjanmarsku\/","url":"https:\/\/www.magna.org\/sk\/spravy-sk\/mjanmarsko-spravy\/zemetrasenie-v-mjanmarsku\/","name":"Zemetrasenie v Mjanmarsku - Magna","isPartOf":{"@id":"https:\/\/www.magna.org\/sk\/#website"},"primaryImageOfPage":{"@id":"https:\/\/www.magna.org\/sk\/spravy-sk\/mjanmarsko-spravy\/zemetrasenie-v-mjanmarsku\/#primaryimage"},"image":{"@id":"https:\/\/www.magna.org\/sk\/spravy-sk\/mjanmarsko-spravy\/zemetrasenie-v-mjanmarsku\/#primaryimage"},"thumbnailUrl":"https:\/\/www.magna.org\/sk\/wp-content\/uploads\/2025\/03\/sk.magna.org-domov-5cd90579-2427-4bae-b9a3-5074a697cf41.jpg","datePublished":"2025-03-29T06:46:55+00:00","dateModified":"2025-11-30T16:23:35+00:00","author":{"@id":"https:\/\/www.magna.org\/sk\/#\/schema\/person\/5ba0ec6eee787d64596839e5ba054a3c"},"description":"V piatok 28. marca zasiahlo Mjanmarksko zemetrasenie s magnit\u00fadou 7,7, pri\u010dom otrasy boli c\u00edti\u0165 aj v Thajsku. So zabezpe\u010dovan\u00edm humanit\u00e1rnej pomoci po zemetraseniach maj\u00fa na\u0161e t\u00edmy sk\u00fasenosti a to aj priamo z postihnut\u00e9ho Mjanmarska","breadcrumb":{"@id":"https:\/\/www.magna.org\/sk\/spravy-sk\/mjanmarsko-spravy\/zemetrasenie-v-mjanmarsku\/#breadcrumb"},"inLanguage":"en-US","potentialAction":[{"@type":"ReadAction","target":["https:\/\/www.magna.org\/sk\/spravy-sk\/mjanmarsko-spravy\/zemetrasenie-v-mjanmarsku\/"]}]},{"@type":"ImageObject","inLanguage":"en-US","@id":"https:\/\/www.magna.org\/sk\/spravy-sk\/mjanmarsko-spravy\/zemetrasenie-v-mjanmarsku\/#primaryimage","url":"https:\/\/www.magna.org\/sk\/wp-content\/uploads\/2025\/03\/sk.magna.org-domov-5cd90579-2427-4bae-b9a3-5074a697cf41.jpg","contentUrl":"https:\/\/www.magna.org\/sk\/wp-content\/uploads\/2025\/03\/sk.magna.org-domov-5cd90579-2427-4bae-b9a3-5074a697cf41.jpg","width":720,"height":480},{"@type":"BreadcrumbList","@id":"https:\/\/www.magna.org\/sk\/spravy-sk\/mjanmarsko-spravy\/zemetrasenie-v-mjanmarsku\/#breadcrumb","itemListElement":[{"@type":"ListItem","position":1,"name":"Home","item":"https:\/\/www.magna.org\/sk\/"},{"@type":"ListItem","position":2,"name":"Zemetrasenie v Mjanmarsku"}]},{"@type":"WebSite","@id":"https:\/\/www.magna.org\/sk\/#website","url":"https:\/\/www.magna.org\/sk\/","name":"Magna","description":"Just another WordPress site","potentialAction":[{"@type":"SearchAction","target":{"@type":"EntryPoint","urlTemplate":"https:\/\/www.magna.org\/sk\/?s={search_term_string}"},"query-input":{"@type":"PropertyValueSpecification","valueRequired":true,"valueName":"search_term_string"}}],"inLanguage":"en-US"},{"@type":"Person","@id":"https:\/\/www.magna.org\/sk\/#\/schema\/person\/5ba0ec6eee787d64596839e5ba054a3c","name":"magna","image":{"@type":"ImageObject","inLanguage":"en-US","@id":"https:\/\/www.magna.org\/sk\/#\/schema\/person\/image\/","url":"https:\/\/secure.gravatar.com\/avatar\/c48678daf250d326987444888ba874b15d966557659590ee15699486b7e120b3?s=96&d=mm&r=g","contentUrl":"https:\/\/secure.gravatar.com\/avatar\/c48678daf250d326987444888ba874b15d966557659590ee15699486b7e120b3?s=96&d=mm&r=g","caption":"magna"},"url":"https:\/\/www.magna.org\/sk\/author\/magna\/"}]}},"_links":{"self":[{"href":"https:\/\/www.magna.org\/sk\/wp-json\/wp\/v2\/posts\/16754","targetHints":{"allow":["GET"]}}],"collection":[{"href":"https:\/\/www.magna.org\/sk\/wp-json\/wp\/v2\/posts"}],"about":[{"href":"https:\/\/www.magna.org\/sk\/wp-json\/wp\/v2\/types\/post"}],"author":[{"embeddable":true,"href":"https:\/\/www.magna.org\/sk\/wp-json\/wp\/v2\/users\/2"}],"replies":[{"embeddable":true,"href":"https:\/\/www.magna.org\/sk\/wp-json\/wp\/v2\/comments?post=16754"}],"version-history":[{"count":18,"href":"https:\/\/www.magna.org\/sk\/wp-json\/wp\/v2\/posts\/16754\/revisions"}],"predecessor-version":[{"id":17215,"href":"https:\/\/www.magna.org\/sk\/wp-json\/wp\/v2\/posts\/16754\/revisions\/17215"}],"wp:featuredmedia":[{"embeddable":true,"href":"https:\/\/www.magna.org\/sk\/wp-json\/wp\/v2\/media\/16775"}],"wp:attachment":[{"href":"https:\/\/www.magna.org\/sk\/wp-json\/wp\/v2\/media?parent=16754"}],"wp:term":[{"taxonomy":"category","embeddable":true,"href":"https:\/\/www.magna.org\/sk\/wp-json\/wp\/v2\/categories?post=16754"},{"taxonomy":"post_tag","embeddable":true,"href":"https:\/\/www.magna.org\/sk\/wp-json\/wp\/v2\/tags?post=16754"},{"taxonomy":"post_country","embeddable":true,"href":"https:\/\/www.magna.org\/sk\/wp-json\/wp\/v2\/post_country?post=16754"},{"taxonomy":"post_year","embeddable":true,"href":"https:\/\/www.magna.org\/sk\/wp-json\/wp\/v2\/post_year?post=16754"},{"taxonomy":"post_layout","embeddable":true,"href":"https:\/\/www.magna.org\/sk\/wp-json\/wp\/v2\/post_layout?post=16754"},{"taxonomy":"post_topic","embeddable":true,"href":"https:\/\/www.magna.org\/sk\/wp-json\/wp\/v2\/post_topic?post=16754"}],"curies":[{"name":"wp","href":"https:\/\/api.w.org\/{rel}","templated":true}]}}