{"id":16941,"date":"2025-09-01T06:32:03","date_gmt":"2025-09-01T06:32:03","guid":{"rendered":"https:\/\/www.magna.org\/sk\/?p=16941"},"modified":"2025-11-30T16:21:19","modified_gmt":"2025-11-30T16:21:19","slug":"zemetrasenie-v-afganistane","status":"publish","type":"post","link":"https:\/\/www.magna.org\/sk\/spravy-sk\/afganistan-spravy\/zemetrasenie-v-afganistane\/","title":{"rendered":"Zemetrasenie v Afganistane: stovky obet\u00ed a e\u0161te viac zranen\u00fdch."},"content":{"rendered":"<div class=\"e-content-text\"><div class=\"e-content-text__inner\">\n<p>Zemetrasenie s magnit\u00fadou 6,0 zasiahlo v\u00fdchodn\u00fd Afganistan v noci z nedele na pondelok. Inform\u00e1cie o obetiach a \u0161kod\u00e1ch st\u00e1le prib\u00fadaj\u00fa. Predpoklad\u00e1 sa, \u017ee v\u00e4\u010d\u0161ina domov je po\u0161koden\u00e1 v \u00fadol\u00ed Mazar v okrese Norgal v provincii Kunar, ktor\u00e1 hrani\u010d\u00ed s Pakistanom. Zasiahnut\u00e9 oblasti s\u00fa aj Langhman a Nangrahar.<\/p>\n<\/div><\/div>\n\n<div class=\"e-content-text\"><div class=\"e-content-text__inner\">\n<p>Vzh\u013eadom na rozsah zemetrasenia m\u00f4\u017ee by\u0165 dopad na \u013eud\u00ed zni\u010duj\u00faci, najm\u00e4 pre t\u00fdch, ktor\u00ed potrebuj\u00fa okam\u017eit\u00fa pomoc pri z\u00e1chrane \u017eivota. M\u00e1me tie\u017e obavy o t\u00fdch, ktor\u00ed bud\u00fa zranite\u013en\u00ed po strate domova, pr\u00edstupu k v\u0161eobecnej zdravotnej starostlivosti a k z\u00e1kladn\u00fdm potreb\u00e1m ako je aj pr\u00edstup k pitnej vode.<\/p>\n<\/div><\/div>\n\n<div class=\"e-content-text\"><div class=\"e-content-text__inner\">\n<p><strong>T\u00edmy MAGNA s\u00fa na mieste a moment\u00e1lne zis\u0165ujeme ak\u00fatne potreby. Len v\u010faka darcom ako ste aj vy dok\u00e1\u017eeme na katastrofy r\u00fdchlo a efekt\u00edvne reagova\u0165. Ak m\u00f4\u017eete, pros\u00edme, darujte tu a teraz.<\/strong><\/p>\n<\/div><\/div>\n\n<div class=\"e-content-text\"><div class=\"e-content-text__inner\">\n<p class=\"has-text-align-center has-black-color has-text-color has-link-color wp-elements-cdfb9f56c1d08fb870c70dcc6b7a8dc5\">Dary m\u00f4\u017eete posla\u0165 priamo na \u00fa\u010det verejnej zbierky.<\/p>\n<\/div><\/div>\n\n<div class=\"e-content-text\"><div class=\"e-content-text__inner\">\n<p class=\"has-text-align-center has-luminous-vivid-amber-background-color has-background\"><strong>Tatra banka a.s.<\/strong><br><strong>IBAN: SK58 1100 0000 0029 4300 4292<\/strong><br><strong>SWIFT: TATRSKBX<\/strong>.<\/p>\n<\/div><\/div>\n\n<div class=\"e-content-media e-content-media--sm\">\n    <div class=\"e-content-media__frame\">\n        <iframe loading=\"lazy\" width=\"560\" height=\"315\" src=\"https:\/\/www.youtube.com\/embed\/eWFcmLo1gTQ?si=uSRPkPy7a_IUcwd8\" title=\"YouTube video player\" frameborder=\"0\" allow=\"accelerometer; autoplay; clipboard-write; encrypted-media; gyroscope; picture-in-picture\" allowfullscreen><\/iframe>\n    <\/div>\n    <div class=\"e-content-media__caption\">Martin Band\u017e\u00e1k o aktu\u00e1lnej situ\u00e1cii v Afganistane.<\/div>\n<\/div>\n\n<div class=\"e-content-text\"><div class=\"e-content-text__inner\">\n<p>R\u00fdchly a efekt\u00edvny sp\u00f4sob ako darova\u0165 je cez v\u00e1\u0161 mobil. <strong>Sta\u010d\u00ed posla\u0165 SMS v tvare MAGNA na \u010d\u00edslo 836 a prispejete v hodnote 10,-Eur<\/strong> na pomoc obetiam zemetrasenie v Afganistane. <\/p>\n<\/div><\/div>\n\n<section class=\"s-button hc-section-space--normal\">\n    <div class=\"s-button__inner\">\n        <a href=\"sms:836;?&amp;body=MAGNA\" class=\"e-btn e-btn--dark e-btn--large\" target=\"\">Chcem posla\u0165 SMS<\/a>\n    <\/div>\n<\/section>\n\n<div class=\"e-content-media e-content-media--md\">\n            <img loading=\"lazy\" decoding=\"async\" width=\"1058\" height=\"907\" src=\"https:\/\/www.magna.org\/sk\/wp-content\/uploads\/2025\/09\/sk.magna.org-zemetrasenie-v-afganistane-stovky-obeti-a-este-viac-zranenych-img-0716-1058x907.jpeg\" class=\"attachment-magna-md size-magna-md\" alt=\"\" srcset=\"https:\/\/www.magna.org\/sk\/wp-content\/uploads\/2025\/09\/sk.magna.org-zemetrasenie-v-afganistane-stovky-obeti-a-este-viac-zranenych-img-0716-1058x907.jpeg 1058w, https:\/\/www.magna.org\/sk\/wp-content\/uploads\/2025\/09\/sk.magna.org-zemetrasenie-v-afganistane-stovky-obeti-a-este-viac-zranenych-img-0716-300x257.jpeg 300w, https:\/\/www.magna.org\/sk\/wp-content\/uploads\/2025\/09\/sk.magna.org-zemetrasenie-v-afganistane-stovky-obeti-a-este-viac-zranenych-img-0716-1024x878.jpeg 1024w, https:\/\/www.magna.org\/sk\/wp-content\/uploads\/2025\/09\/sk.magna.org-zemetrasenie-v-afganistane-stovky-obeti-a-este-viac-zranenych-img-0716-768x658.jpeg 768w, https:\/\/www.magna.org\/sk\/wp-content\/uploads\/2025\/09\/sk.magna.org-zemetrasenie-v-afganistane-stovky-obeti-a-este-viac-zranenych-img-0716-1536x1317.jpeg 1536w, https:\/\/www.magna.org\/sk\/wp-content\/uploads\/2025\/09\/sk.magna.org-zemetrasenie-v-afganistane-stovky-obeti-a-este-viac-zranenych-img-0716-2048x1755.jpeg 2048w, https:\/\/www.magna.org\/sk\/wp-content\/uploads\/2025\/09\/sk.magna.org-zemetrasenie-v-afganistane-stovky-obeti-a-este-viac-zranenych-img-0716-552x473.jpeg 552w, https:\/\/www.magna.org\/sk\/wp-content\/uploads\/2025\/09\/sk.magna.org-zemetrasenie-v-afganistane-stovky-obeti-a-este-viac-zranenych-img-0716-384x329.jpeg 384w, https:\/\/www.magna.org\/sk\/wp-content\/uploads\/2025\/09\/sk.magna.org-zemetrasenie-v-afganistane-stovky-obeti-a-este-viac-zranenych-img-0716-676x579.jpeg 676w, https:\/\/www.magna.org\/sk\/wp-content\/uploads\/2025\/09\/sk.magna.org-zemetrasenie-v-afganistane-stovky-obeti-a-este-viac-zranenych-img-0716-1352x1159.jpeg 1352w, https:\/\/www.magna.org\/sk\/wp-content\/uploads\/2025\/09\/sk.magna.org-zemetrasenie-v-afganistane-stovky-obeti-a-este-viac-zranenych-img-0716-1920x1646.jpeg 1920w\" sizes=\"auto, (max-width: 1058px) 100vw, 1058px\" \/>\n<\/div>\n\n<div class=\"e-content-text\"><div class=\"e-content-text__inner\">\n<h2 class=\"wp-block-heading\">MAGNA v Afganistane<\/h2>\n<\/div><\/div>\n\n<div class=\"e-content-text\"><div class=\"e-content-text__inner\">\n<p>MAGNA sa v Afganistane zameriava na lie\u010dbu det\u00ed pre zdravotn\u00fa starostlivos\u0165 o matky. Afganistan m\u00e1 jednu z najvy\u0161\u0161\u00edch \u00famrtnosti matiek na svete. Detsk\u00e1 podv\u00fd\u017eiva je jedn\u00fdm z aktu\u00e1lne najv\u00fdraznej\u0161\u00edch probl\u00e9mov v krajine, ktor\u00e1 z\u00e1rove\u0148 \u010del\u00ed \u010dast\u00fdm pr\u00edrodn\u00fdm katastrof\u00e1m ako je aj aktu\u00e1lne zemetrasenie v provincii Kunar. MAGNA disponuje v krajine \u0161pecializovan\u00fdm n\u00fadzov\u00fdm t\u00edmom a z\u00e1sobami liekov a zdravotn\u00edckeho materi\u00e1lu, ktor\u00fd je potrebn\u00fd pre tak\u00e9to n\u00fadzov\u00e9 situ\u00e1cie.<\/p>\n<\/div><\/div>","protected":false},"excerpt":{"rendered":"<p>Zemetrasenie s magnit\u00fadou 6,0 zasiahlo v\u00fdchodn\u00fd Afganistan v noci z nedele na pondelok. Inform\u00e1cie o obetiach a \u0161kod\u00e1ch st\u00e1le prib\u00fadaj\u00fa. Predpoklad\u00e1 sa, \u017ee v\u00e4\u010d\u0161ina domov je po\u0161koden\u00e1 v \u00fadol\u00ed Mazar v okrese Norgal v provincii Kunar, ktor\u00e1 hrani\u010d\u00ed s Pakistanom. Zasiahnut\u00e9 oblasti s\u00fa aj Langhman a Nangrahar. Vzh\u013eadom na rozsah zemetrasenia m\u00f4\u017ee by\u0165 dopad na [&hellip;]<\/p>\n","protected":false},"author":2,"featured_media":16969,"comment_status":"closed","ping_status":"closed","sticky":false,"template":"","format":"standard","meta":{"_acf_changed":false,"inline_featured_image":false,"footnotes":""},"categories":[94],"tags":[142],"post_country":[39],"post_year":[1115],"post_layout":[49],"post_topic":[403],"class_list":["post-16941","post","type-post","status-publish","format-standard","has-post-thumbnail","hentry","category-afganistan-spravy","tag-tlacova-sprava","post_country-afganistan","post_year-1115","post_layout-tlacova-sprava","post_topic-prirodne-katastrofy"],"acf":[],"yoast_head":"<!-- This site is optimized with the Yoast SEO plugin v24.3 - https:\/\/yoast.com\/wordpress\/plugins\/seo\/ -->\n<title>Zemetrasenie v Afganistane: stovky obet\u00ed a e\u0161te viac zranen\u00fdch. - Magna<\/title>\n<meta name=\"description\" content=\"Zemetrasenie s magnit\u00fadou 6,0 zasiahlo v\u00fdchodn\u00fd Afganistan. T\u00edmy MAGNA s\u00fa na mieste a moment\u00e1lne zis\u0165ujeme ak\u00fatne potreby. Len v\u010faka darcom ako ste aj vy dok\u00e1\u017eeme na katastrofy r\u00fdchlo a efekt\u00edvne reagova\u0165. Ak m\u00f4\u017eete, pros\u00edme, darujte tu a teraz.\" \/>\n<meta name=\"robots\" content=\"index, follow, max-snippet:-1, max-image-preview:large, max-video-preview:-1\" \/>\n<link rel=\"canonical\" href=\"https:\/\/www.magna.org\/sk\/spravy-sk\/afganistan-spravy\/zemetrasenie-v-afganistane\/\" \/>\n<meta property=\"og:locale\" content=\"en_US\" \/>\n<meta property=\"og:type\" content=\"article\" \/>\n<meta property=\"og:title\" content=\"Zemetrasenie v Afganistane: stovky obet\u00ed a e\u0161te viac zranen\u00fdch. - Magna\" \/>\n<meta property=\"og:description\" content=\"Zemetrasenie s magnit\u00fadou 6,0 zasiahlo v\u00fdchodn\u00fd Afganistan. T\u00edmy MAGNA s\u00fa na mieste a moment\u00e1lne zis\u0165ujeme ak\u00fatne potreby. Len v\u010faka darcom ako ste aj vy dok\u00e1\u017eeme na katastrofy r\u00fdchlo a efekt\u00edvne reagova\u0165. Ak m\u00f4\u017eete, pros\u00edme, darujte tu a teraz.\" \/>\n<meta property=\"og:url\" content=\"https:\/\/www.magna.org\/sk\/spravy-sk\/afganistan-spravy\/zemetrasenie-v-afganistane\/\" \/>\n<meta property=\"og:site_name\" content=\"Magna\" \/>\n<meta property=\"article:published_time\" content=\"2025-09-01T06:32:03+00:00\" \/>\n<meta property=\"article:modified_time\" content=\"2025-11-30T16:21:19+00:00\" \/>\n<meta property=\"og:image\" content=\"https:\/\/www.magna.org\/sk\/wp-content\/uploads\/2025\/09\/sk.magna.org-zemetrasenie-v-afganistane-stovky-obeti-a-este-viac-zranenych-snapseed-1024x768.jpeg\" \/>\n\t<meta property=\"og:image:width\" content=\"1024\" \/>\n\t<meta property=\"og:image:height\" content=\"768\" \/>\n\t<meta property=\"og:image:type\" content=\"image\/jpeg\" \/>\n<meta name=\"author\" content=\"magna\" \/>\n<meta name=\"twitter:card\" content=\"summary_large_image\" \/>\n<meta name=\"twitter:label1\" content=\"Written by\" \/>\n\t<meta name=\"twitter:data1\" content=\"magna\" \/>\n\t<meta name=\"twitter:label2\" content=\"Est. reading time\" \/>\n\t<meta name=\"twitter:data2\" content=\"2 minutes\" \/>\n<script type=\"application\/ld+json\" class=\"yoast-schema-graph\">{\"@context\":\"https:\/\/schema.org\",\"@graph\":[{\"@type\":\"WebPage\",\"@id\":\"https:\/\/www.magna.org\/sk\/spravy-sk\/afganistan-spravy\/zemetrasenie-v-afganistane\/\",\"url\":\"https:\/\/www.magna.org\/sk\/spravy-sk\/afganistan-spravy\/zemetrasenie-v-afganistane\/\",\"name\":\"Zemetrasenie v Afganistane: stovky obet\u00ed a e\u0161te viac zranen\u00fdch. - Magna\",\"isPartOf\":{\"@id\":\"https:\/\/www.magna.org\/sk\/#website\"},\"primaryImageOfPage\":{\"@id\":\"https:\/\/www.magna.org\/sk\/spravy-sk\/afganistan-spravy\/zemetrasenie-v-afganistane\/#primaryimage\"},\"image\":{\"@id\":\"https:\/\/www.magna.org\/sk\/spravy-sk\/afganistan-spravy\/zemetrasenie-v-afganistane\/#primaryimage\"},\"thumbnailUrl\":\"https:\/\/www.magna.org\/sk\/wp-content\/uploads\/2025\/09\/sk.magna.org-zemetrasenie-v-afganistane-stovky-obeti-a-este-viac-zranenych-snapseed.jpeg\",\"datePublished\":\"2025-09-01T06:32:03+00:00\",\"dateModified\":\"2025-11-30T16:21:19+00:00\",\"author\":{\"@id\":\"https:\/\/www.magna.org\/sk\/#\/schema\/person\/5ba0ec6eee787d64596839e5ba054a3c\"},\"description\":\"Zemetrasenie s magnit\u00fadou 6,0 zasiahlo v\u00fdchodn\u00fd Afganistan. T\u00edmy MAGNA s\u00fa na mieste a moment\u00e1lne zis\u0165ujeme ak\u00fatne potreby. Len v\u010faka darcom ako ste aj vy dok\u00e1\u017eeme na katastrofy r\u00fdchlo a efekt\u00edvne reagova\u0165. Ak m\u00f4\u017eete, pros\u00edme, darujte tu a teraz.\",\"breadcrumb\":{\"@id\":\"https:\/\/www.magna.org\/sk\/spravy-sk\/afganistan-spravy\/zemetrasenie-v-afganistane\/#breadcrumb\"},\"inLanguage\":\"en-US\",\"potentialAction\":[{\"@type\":\"ReadAction\",\"target\":[\"https:\/\/www.magna.org\/sk\/spravy-sk\/afganistan-spravy\/zemetrasenie-v-afganistane\/\"]}]},{\"@type\":\"ImageObject\",\"inLanguage\":\"en-US\",\"@id\":\"https:\/\/www.magna.org\/sk\/spravy-sk\/afganistan-spravy\/zemetrasenie-v-afganistane\/#primaryimage\",\"url\":\"https:\/\/www.magna.org\/sk\/wp-content\/uploads\/2025\/09\/sk.magna.org-zemetrasenie-v-afganistane-stovky-obeti-a-este-viac-zranenych-snapseed.jpeg\",\"contentUrl\":\"https:\/\/www.magna.org\/sk\/wp-content\/uploads\/2025\/09\/sk.magna.org-zemetrasenie-v-afganistane-stovky-obeti-a-este-viac-zranenych-snapseed.jpeg\",\"width\":2560,\"height\":1920},{\"@type\":\"BreadcrumbList\",\"@id\":\"https:\/\/www.magna.org\/sk\/spravy-sk\/afganistan-spravy\/zemetrasenie-v-afganistane\/#breadcrumb\",\"itemListElement\":[{\"@type\":\"ListItem\",\"position\":1,\"name\":\"Home\",\"item\":\"https:\/\/www.magna.org\/sk\/\"},{\"@type\":\"ListItem\",\"position\":2,\"name\":\"Zemetrasenie v Afganistane: stovky obet\u00ed a e\u0161te viac zranen\u00fdch.\"}]},{\"@type\":\"WebSite\",\"@id\":\"https:\/\/www.magna.org\/sk\/#website\",\"url\":\"https:\/\/www.magna.org\/sk\/\",\"name\":\"Magna\",\"description\":\"Just another WordPress site\",\"potentialAction\":[{\"@type\":\"SearchAction\",\"target\":{\"@type\":\"EntryPoint\",\"urlTemplate\":\"https:\/\/www.magna.org\/sk\/?s={search_term_string}\"},\"query-input\":{\"@type\":\"PropertyValueSpecification\",\"valueRequired\":true,\"valueName\":\"search_term_string\"}}],\"inLanguage\":\"en-US\"},{\"@type\":\"Person\",\"@id\":\"https:\/\/www.magna.org\/sk\/#\/schema\/person\/5ba0ec6eee787d64596839e5ba054a3c\",\"name\":\"magna\",\"image\":{\"@type\":\"ImageObject\",\"inLanguage\":\"en-US\",\"@id\":\"https:\/\/www.magna.org\/sk\/#\/schema\/person\/image\/\",\"url\":\"https:\/\/secure.gravatar.com\/avatar\/c48678daf250d326987444888ba874b15d966557659590ee15699486b7e120b3?s=96&d=mm&r=g\",\"contentUrl\":\"https:\/\/secure.gravatar.com\/avatar\/c48678daf250d326987444888ba874b15d966557659590ee15699486b7e120b3?s=96&d=mm&r=g\",\"caption\":\"magna\"},\"url\":\"https:\/\/www.magna.org\/sk\/author\/magna\/\"}]}<\/script>\n<!-- \/ Yoast SEO plugin. -->","yoast_head_json":{"title":"Zemetrasenie v Afganistane: stovky obet\u00ed a e\u0161te viac zranen\u00fdch. - Magna","description":"Zemetrasenie s magnit\u00fadou 6,0 zasiahlo v\u00fdchodn\u00fd Afganistan. T\u00edmy MAGNA s\u00fa na mieste a moment\u00e1lne zis\u0165ujeme ak\u00fatne potreby. Len v\u010faka darcom ako ste aj vy dok\u00e1\u017eeme na katastrofy r\u00fdchlo a efekt\u00edvne reagova\u0165. Ak m\u00f4\u017eete, pros\u00edme, darujte tu a teraz.","robots":{"index":"index","follow":"follow","max-snippet":"max-snippet:-1","max-image-preview":"max-image-preview:large","max-video-preview":"max-video-preview:-1"},"canonical":"https:\/\/www.magna.org\/sk\/spravy-sk\/afganistan-spravy\/zemetrasenie-v-afganistane\/","og_locale":"en_US","og_type":"article","og_title":"Zemetrasenie v Afganistane: stovky obet\u00ed a e\u0161te viac zranen\u00fdch. - Magna","og_description":"Zemetrasenie s magnit\u00fadou 6,0 zasiahlo v\u00fdchodn\u00fd Afganistan. T\u00edmy MAGNA s\u00fa na mieste a moment\u00e1lne zis\u0165ujeme ak\u00fatne potreby. Len v\u010faka darcom ako ste aj vy dok\u00e1\u017eeme na katastrofy r\u00fdchlo a efekt\u00edvne reagova\u0165. Ak m\u00f4\u017eete, pros\u00edme, darujte tu a teraz.","og_url":"https:\/\/www.magna.org\/sk\/spravy-sk\/afganistan-spravy\/zemetrasenie-v-afganistane\/","og_site_name":"Magna","article_published_time":"2025-09-01T06:32:03+00:00","article_modified_time":"2025-11-30T16:21:19+00:00","og_image":[{"width":1024,"height":768,"url":"https:\/\/www.magna.org\/sk\/wp-content\/uploads\/2025\/09\/sk.magna.org-zemetrasenie-v-afganistane-stovky-obeti-a-este-viac-zranenych-snapseed-1024x768.jpeg","type":"image\/jpeg"}],"author":"magna","twitter_card":"summary_large_image","twitter_misc":{"Written by":"magna","Est. reading time":"2 minutes"},"schema":{"@context":"https:\/\/schema.org","@graph":[{"@type":"WebPage","@id":"https:\/\/www.magna.org\/sk\/spravy-sk\/afganistan-spravy\/zemetrasenie-v-afganistane\/","url":"https:\/\/www.magna.org\/sk\/spravy-sk\/afganistan-spravy\/zemetrasenie-v-afganistane\/","name":"Zemetrasenie v Afganistane: stovky obet\u00ed a e\u0161te viac zranen\u00fdch. - Magna","isPartOf":{"@id":"https:\/\/www.magna.org\/sk\/#website"},"primaryImageOfPage":{"@id":"https:\/\/www.magna.org\/sk\/spravy-sk\/afganistan-spravy\/zemetrasenie-v-afganistane\/#primaryimage"},"image":{"@id":"https:\/\/www.magna.org\/sk\/spravy-sk\/afganistan-spravy\/zemetrasenie-v-afganistane\/#primaryimage"},"thumbnailUrl":"https:\/\/www.magna.org\/sk\/wp-content\/uploads\/2025\/09\/sk.magna.org-zemetrasenie-v-afganistane-stovky-obeti-a-este-viac-zranenych-snapseed.jpeg","datePublished":"2025-09-01T06:32:03+00:00","dateModified":"2025-11-30T16:21:19+00:00","author":{"@id":"https:\/\/www.magna.org\/sk\/#\/schema\/person\/5ba0ec6eee787d64596839e5ba054a3c"},"description":"Zemetrasenie s magnit\u00fadou 6,0 zasiahlo v\u00fdchodn\u00fd Afganistan. T\u00edmy MAGNA s\u00fa na mieste a moment\u00e1lne zis\u0165ujeme ak\u00fatne potreby. Len v\u010faka darcom ako ste aj vy dok\u00e1\u017eeme na katastrofy r\u00fdchlo a efekt\u00edvne reagova\u0165. Ak m\u00f4\u017eete, pros\u00edme, darujte tu a teraz.","breadcrumb":{"@id":"https:\/\/www.magna.org\/sk\/spravy-sk\/afganistan-spravy\/zemetrasenie-v-afganistane\/#breadcrumb"},"inLanguage":"en-US","potentialAction":[{"@type":"ReadAction","target":["https:\/\/www.magna.org\/sk\/spravy-sk\/afganistan-spravy\/zemetrasenie-v-afganistane\/"]}]},{"@type":"ImageObject","inLanguage":"en-US","@id":"https:\/\/www.magna.org\/sk\/spravy-sk\/afganistan-spravy\/zemetrasenie-v-afganistane\/#primaryimage","url":"https:\/\/www.magna.org\/sk\/wp-content\/uploads\/2025\/09\/sk.magna.org-zemetrasenie-v-afganistane-stovky-obeti-a-este-viac-zranenych-snapseed.jpeg","contentUrl":"https:\/\/www.magna.org\/sk\/wp-content\/uploads\/2025\/09\/sk.magna.org-zemetrasenie-v-afganistane-stovky-obeti-a-este-viac-zranenych-snapseed.jpeg","width":2560,"height":1920},{"@type":"BreadcrumbList","@id":"https:\/\/www.magna.org\/sk\/spravy-sk\/afganistan-spravy\/zemetrasenie-v-afganistane\/#breadcrumb","itemListElement":[{"@type":"ListItem","position":1,"name":"Home","item":"https:\/\/www.magna.org\/sk\/"},{"@type":"ListItem","position":2,"name":"Zemetrasenie v Afganistane: stovky obet\u00ed a e\u0161te viac zranen\u00fdch."}]},{"@type":"WebSite","@id":"https:\/\/www.magna.org\/sk\/#website","url":"https:\/\/www.magna.org\/sk\/","name":"Magna","description":"Just another WordPress site","potentialAction":[{"@type":"SearchAction","target":{"@type":"EntryPoint","urlTemplate":"https:\/\/www.magna.org\/sk\/?s={search_term_string}"},"query-input":{"@type":"PropertyValueSpecification","valueRequired":true,"valueName":"search_term_string"}}],"inLanguage":"en-US"},{"@type":"Person","@id":"https:\/\/www.magna.org\/sk\/#\/schema\/person\/5ba0ec6eee787d64596839e5ba054a3c","name":"magna","image":{"@type":"ImageObject","inLanguage":"en-US","@id":"https:\/\/www.magna.org\/sk\/#\/schema\/person\/image\/","url":"https:\/\/secure.gravatar.com\/avatar\/c48678daf250d326987444888ba874b15d966557659590ee15699486b7e120b3?s=96&d=mm&r=g","contentUrl":"https:\/\/secure.gravatar.com\/avatar\/c48678daf250d326987444888ba874b15d966557659590ee15699486b7e120b3?s=96&d=mm&r=g","caption":"magna"},"url":"https:\/\/www.magna.org\/sk\/author\/magna\/"}]}},"_links":{"self":[{"href":"https:\/\/www.magna.org\/sk\/wp-json\/wp\/v2\/posts\/16941","targetHints":{"allow":["GET"]}}],"collection":[{"href":"https:\/\/www.magna.org\/sk\/wp-json\/wp\/v2\/posts"}],"about":[{"href":"https:\/\/www.magna.org\/sk\/wp-json\/wp\/v2\/types\/post"}],"author":[{"embeddable":true,"href":"https:\/\/www.magna.org\/sk\/wp-json\/wp\/v2\/users\/2"}],"replies":[{"embeddable":true,"href":"https:\/\/www.magna.org\/sk\/wp-json\/wp\/v2\/comments?post=16941"}],"version-history":[{"count":11,"href":"https:\/\/www.magna.org\/sk\/wp-json\/wp\/v2\/posts\/16941\/revisions"}],"predecessor-version":[{"id":17213,"href":"https:\/\/www.magna.org\/sk\/wp-json\/wp\/v2\/posts\/16941\/revisions\/17213"}],"wp:featuredmedia":[{"embeddable":true,"href":"https:\/\/www.magna.org\/sk\/wp-json\/wp\/v2\/media\/16969"}],"wp:attachment":[{"href":"https:\/\/www.magna.org\/sk\/wp-json\/wp\/v2\/media?parent=16941"}],"wp:term":[{"taxonomy":"category","embeddable":true,"href":"https:\/\/www.magna.org\/sk\/wp-json\/wp\/v2\/categories?post=16941"},{"taxonomy":"post_tag","embeddable":true,"href":"https:\/\/www.magna.org\/sk\/wp-json\/wp\/v2\/tags?post=16941"},{"taxonomy":"post_country","embeddable":true,"href":"https:\/\/www.magna.org\/sk\/wp-json\/wp\/v2\/post_country?post=16941"},{"taxonomy":"post_year","embeddable":true,"href":"https:\/\/www.magna.org\/sk\/wp-json\/wp\/v2\/post_year?post=16941"},{"taxonomy":"post_layout","embeddable":true,"href":"https:\/\/www.magna.org\/sk\/wp-json\/wp\/v2\/post_layout?post=16941"},{"taxonomy":"post_topic","embeddable":true,"href":"https:\/\/www.magna.org\/sk\/wp-json\/wp\/v2\/post_topic?post=16941"}],"curies":[{"name":"wp","href":"https:\/\/api.w.org\/{rel}","templated":true}]}}