{"id":4682,"date":"2022-11-20T18:49:24","date_gmt":"2022-11-20T18:49:24","guid":{"rendered":"https:\/\/www.magna.org\/sk\/?p=4682"},"modified":"2023-12-17T17:37:55","modified_gmt":"2023-12-17T17:37:55","slug":"doneck-podpora-zdravotnych-centier-na-vojnovej-linii","status":"publish","type":"post","link":"https:\/\/www.magna.org\/sk\/operacia\/ukrajina-operacie\/doneck-podpora-zdravotnych-centier-na-vojnovej-linii\/","title":{"rendered":"Doneck: podpora zdravotn\u00fdch centier na vojnovej l\u00ednii"},"content":{"rendered":"<div class=\"e-content-text\"><div class=\"e-content-text__inner\">\n<p>V Avdiivke a Novoaidare vo v\u00fdchdonej \u010dasti Ukrajiny na vojnovej l\u00edni\u00ed\u00ed MAGNA t\u00edmy poskytuj\u00fa \u013eu\u010fom s chronick\u00fdmi ochoreniami zdravotn\u00fa pomoc. <\/p>\n<\/div><\/div>\n\n<div class=\"e-content-text\"><div class=\"e-content-text__inner\">\n<p>Projekt sme ukon\u010dili na konci febru\u00e1ra 2022, kedy vypukol vojensk\u00fd konlikt na Ukrajine.<\/p>\n<\/div><\/div>\n\n<div class=\"e-content-text\"><div class=\"e-content-text__inner\">\n<h2 class=\"wp-block-heading\">Pre\u010do MAGNA zasahuje na Ukrajine?<\/h2>\n<\/div><\/div>\n\n<div class=\"e-content-text\"><div class=\"e-content-text__inner\">\n<p>Ozbrojen\u00fd konflikt na v\u00fdchodnej Ukrajine zasiahol 5,2 mili\u00f3na \u013eud\u00ed. Od za\u010diatku konfliktu v roku 2014 pri\u0161lo o \u017eivot viac ako 3 000 civilistov a \u010fal\u0161\u00edch 9 000 bolo zranen\u00fdch. Humanit\u00e1rna situ\u00e1cia sa na Ukrajine v roku 2018 na\u010falej zhor\u0161ovala a po\u010det \u013eud\u00ed, ktor\u00ed potrebuj\u00fa humanit\u00e1rnu pomoc a ochranu, sa zv\u00fd\u0161il na 3,5 mili\u00f3na.&nbsp;Aktu\u00e1lne je Ukrajina vo vojenskom konflikte a po\u010det obet\u00ed sa neust\u00e1le zvy\u0161uje.<\/p>\n<\/div><\/div>\n\n<div class=\"e-content-text\"><div class=\"e-content-text__inner\">\n<p class=\"has-vivid-red-color has-text-color\">NA\u0160A \u010cINNOS\u0164<\/p>\n<\/div><\/div>\n\n<div class=\"e-content-text\"><div class=\"e-content-text__inner\">\n<ul class=\"wp-block-list\">\n<li>Reakcia na n\u00fadzov\u00fa situ\u00e1ciu&nbsp;<\/li>\n\n\n\n<li>Pomoc ute\u010dencom a vys\u00eddlen\u00fdm osob\u00e1m<\/li>\n<\/ul>\n<\/div><\/div>\n\n<div class=\"e-content-text\"><div class=\"e-content-text__inner\">\n<p class=\"has-vivid-red-color has-text-color has-large-font-size\">2019<\/p>\n<\/div><\/div>\n\n<div class=\"e-content-text\"><div class=\"e-content-text__inner\">\n<p>Prv\u00e1 MAGNA intervencia v krajine<\/p>\n<\/div><\/div>\n\n<section class=\"s-news hc-section-space--normal\">\n    <div class=\"s-news__inner\">\n        <div class=\"s-news__header\">\n            <h2 class=\"s-news__title\">Spr\u00e1vy a report\u00e1\u017ee z Ukrajiny<\/h2>\n            <div class=\"s-news__text\">\n                <p>Pre\u010d\u00edtajte si najnov\u0161ie spr\u00e1vy a report\u00e1\u017ee k oper\u00e1ciam v krajine,<\/p>\n            <\/div>\n            <div class=\"s-news__social\">\n                <ul class=\"e-social\">\n<\/ul>\n            <\/div>\n        <\/div>\n        <div class=\"s-news__content js-carousel\">\n            <div class=\"s-news__items js-carousel__items\">\n                <div class=\"s-news__item js-carousel__item\">\n                    \n<article class=\"a-news\">\n    <a href=\"https:\/\/www.magna.org\/sk\/spravy-sk\/ukrajina-spravy\/humanitarna-zdravonicka-pomoc-na-ukrajine-je-stale-rovnako-potrebna\/\" class=\"a-news__link\"><\/a>\n    <div class=\"a-news__image\">\n        <div class=\"a-news__img\" style=\"background-image:url('https:\/\/www.magna.org\/sk\/wp-content\/uploads\/2024\/08\/sk.magna.org-ne-schovaju-sa-mb2022g0300165-468x468.jpg');\"><\/div>\n    <\/div>\n    <div class=\"a-news__content\">\n        <h5 class=\"a-news__subtitle\">Ukrajina<\/h5>\n        <h3 class=\"a-news__title\">Humanit\u00e1rna zdravotn\u00edcka pomoc na Ukrajine je st\u00e1le rovnako potrebn\u00e1.<\/h3>\n    <\/div>\n    <div class=\"a-news__footer\">\n        <div class=\"a-news__tags\">Aktualiz\u00e1cia kr\u00edzy<\/div>\n        <div class=\"a-news__date\">24. 02. 2025<\/div>\n    <\/div>\n<\/article>                <\/div>\n                <div class=\"s-news__item js-carousel__item\">\n                    \n<article class=\"a-news\">\n    <a href=\"https:\/\/www.magna.org\/sk\/spravy-sk\/ukrajina-spravy\/ukrajina-2-roky-vojny-a-pomoci-jej-obetiam\/\" class=\"a-news__link\"><\/a>\n    <div class=\"a-news__image\">\n        <div class=\"a-news__img\" style=\"background-image:url('https:\/\/www.magna.org\/sk\/wp-content\/uploads\/2024\/02\/sk.magna.org-ukrajina-2-roky-vojny-a-pomoci-jej-obetiam-r0003147-468x468.jpg');\"><\/div>\n    <\/div>\n    <div class=\"a-news__content\">\n        <h5 class=\"a-news__subtitle\">Ukrajina<\/h5>\n        <h3 class=\"a-news__title\">Ukrajina: 2 roky vojny a pomoci jej obetiam<\/h3>\n    <\/div>\n    <div class=\"a-news__footer\">\n        <div class=\"a-news__tags\">Aktualiz\u00e1cia kr\u00edzy<\/div>\n        <div class=\"a-news__date\">25. 02. 2024<\/div>\n    <\/div>\n<\/article>                <\/div>\n                <div class=\"s-news__item js-carousel__item\">\n                    \n<article class=\"a-news\">\n    <a href=\"https:\/\/www.magna.org\/sk\/spravy-sk\/ukrajina-spravy\/ukrajina-v-chersonskej-oblasti-po-mesiacoch-v-okupacii-vidime-obrovsku-potrebu-v-dostupnosti-k-zdravotnym-sluzbam\/\" class=\"a-news__link\"><\/a>\n    <div class=\"a-news__image\">\n        <div class=\"a-news__img\" style=\"background-image:url('https:\/\/www.magna.org\/sk\/wp-content\/uploads\/2023\/05\/www.magna.org-podporte-nas-photo-2023-05-18-17-22-13-468x468.jpg');\"><\/div>\n    <\/div>\n    <div class=\"a-news__content\">\n        <h5 class=\"a-news__subtitle\">Ukrajina<\/h5>\n        <h3 class=\"a-news__title\">Ukrajina: V Chersonskej oblasti je obrovsk\u00e1 potreba v dostupnosti k zdravotn\u00fdm slu\u017eb\u00e1m.<\/h3>\n    <\/div>\n    <div class=\"a-news__footer\">\n        <div class=\"a-news__tags\">Aktualiz\u00e1cia projektu<\/div>\n        <div class=\"a-news__date\">06. 06. 2023<\/div>\n    <\/div>\n<\/article>                <\/div>\n                <div class=\"s-news__item js-carousel__item\">\n                    \n<article class=\"a-news\">\n    <a href=\"https:\/\/www.magna.org\/sk\/spravy-sk\/ukrajina-spravy\/473-ukrajinskych-deti-neprezilo-15-miliona-je-v-ohrozeni-rok-vojny-na-ukrajine-co-robi-magna-co-mozete-spravit-vy\/\" class=\"a-news__link\"><\/a>\n    <div class=\"a-news__image\">\n        <div class=\"a-news__img\" style=\"background-image:url('https:\/\/www.magna.org\/sk\/wp-content\/uploads\/2023\/02\/www.magna.org-domov-27525-magna-vyrocie-vojny-na-ukrajine-landing-page-foto-ciste-e1677203413481-468x468.jpg');\"><\/div>\n    <\/div>\n    <div class=\"a-news__content\">\n        <h5 class=\"a-news__subtitle\">Ukrajina<\/h5>\n        <h3 class=\"a-news__title\">Ukrajina: 473 ukrajinskych det\u00ed nepre\u017eilo, 1,5 mili\u00f3na je v\u00a0ohrozen\u00ed.<\/h3>\n    <\/div>\n    <div class=\"a-news__footer\">\n        <div class=\"a-news__tags\">Awarness kampa\u0148<\/div>\n        <div class=\"a-news__date\">24. 02. 2023<\/div>\n    <\/div>\n<\/article>                <\/div>\n                <div class=\"s-news__item js-carousel__item\">\n                    \n<article class=\"a-news\">\n    <a href=\"https:\/\/www.magna.org\/sk\/operacia\/ukrajina-operacie\/kharkov-mobilna-zdravotna-starostlivost-pre-obete-vojny\/\" class=\"a-news__link\"><\/a>\n    <div class=\"a-news__image\">\n        <div class=\"a-news__img\" style=\"background-image:url('https:\/\/www.magna.org\/sk\/wp-content\/uploads\/2022\/12\/magna.makes.website-ukrajina-mobilna-zdravotna-starostlivost-pre-obete-vojny-ua-photo-2022-10-29-16-44-44-468x468.jpg');\"><\/div>\n    <\/div>\n    <div class=\"a-news__content\">\n        <h5 class=\"a-news__subtitle\">Ukrajina<\/h5>\n        <h3 class=\"a-news__title\">Kharkov: mobiln\u00e1 zdravotn\u00e1 starostlivos\u0165 pre obete vojny<\/h3>\n    <\/div>\n    <div class=\"a-news__footer\">\n        <div class=\"a-news__tags\">Oper\u00e1cia<\/div>\n        <div class=\"a-news__date\">02. 12. 2022<\/div>\n    <\/div>\n<\/article>                <\/div>\n            <\/div>\n        <\/div>\n    <\/div>\n<\/section>","protected":false},"excerpt":{"rendered":"<p>V Avdiivke a Novoaidare vo v\u00fdchdonej \u010dasti Ukrajiny na vojnovej l\u00edni\u00ed\u00ed MAGNA t\u00edmy poskytuj\u00fa \u013eu\u010fom s chronick\u00fdmi ochoreniami zdravotn\u00fa pomoc. Projekt sme ukon\u010dili na konci febru\u00e1ra 2022, kedy vypukol vojensk\u00fd konlikt na Ukrajine. Pre\u010do MAGNA zasahuje na Ukrajine? Ozbrojen\u00fd konflikt na v\u00fdchodnej Ukrajine zasiahol 5,2 mili\u00f3na \u013eud\u00ed. Od za\u010diatku konfliktu v roku 2014 pri\u0161lo o [&hellip;]<\/p>\n","protected":false},"author":2,"featured_media":6520,"comment_status":"open","ping_status":"open","sticky":false,"template":"","format":"standard","meta":{"_acf_changed":false,"inline_featured_image":false,"footnotes":""},"categories":[161],"tags":[1039],"post_country":[16],"post_year":[],"post_layout":[],"post_topic":[],"class_list":["post-4682","post","type-post","status-publish","format-standard","has-post-thumbnail","hentry","category-ukrajina-operacie","tag-operacia","post_country-ukrajina"],"acf":[],"yoast_head":"<!-- This site is optimized with the Yoast SEO plugin v24.3 - https:\/\/yoast.com\/wordpress\/plugins\/seo\/ -->\n<title>Doneck: podpora zdravotn\u00fdch centier na vojnovej l\u00ednii - Magna<\/title>\n<meta name=\"robots\" content=\"index, follow, max-snippet:-1, max-image-preview:large, max-video-preview:-1\" \/>\n<link rel=\"canonical\" href=\"https:\/\/www.magna.org\/sk\/operacia\/ukrajina-operacie\/doneck-podpora-zdravotnych-centier-na-vojnovej-linii\/\" \/>\n<meta property=\"og:locale\" content=\"en_US\" \/>\n<meta property=\"og:type\" content=\"article\" \/>\n<meta property=\"og:title\" content=\"Doneck: podpora zdravotn\u00fdch centier na vojnovej l\u00ednii - Magna\" \/>\n<meta property=\"og:description\" content=\"V Avdiivke a Novoaidare vo v\u00fdchdonej \u010dasti Ukrajiny na vojnovej l\u00edni\u00ed\u00ed MAGNA t\u00edmy poskytuj\u00fa \u013eu\u010fom s chronick\u00fdmi ochoreniami zdravotn\u00fa pomoc. Projekt sme ukon\u010dili na konci febru\u00e1ra 2022, kedy vypukol vojensk\u00fd konlikt na Ukrajine. Pre\u010do MAGNA zasahuje na Ukrajine? Ozbrojen\u00fd konflikt na v\u00fdchodnej Ukrajine zasiahol 5,2 mili\u00f3na \u013eud\u00ed. Od za\u010diatku konfliktu v roku 2014 pri\u0161lo o [&hellip;]\" \/>\n<meta property=\"og:url\" content=\"https:\/\/www.magna.org\/sk\/operacia\/ukrajina-operacie\/doneck-podpora-zdravotnych-centier-na-vojnovej-linii\/\" \/>\n<meta property=\"og:site_name\" content=\"Magna\" \/>\n<meta property=\"article:published_time\" content=\"2022-11-20T18:49:24+00:00\" \/>\n<meta property=\"article:modified_time\" content=\"2023-12-17T17:37:55+00:00\" \/>\n<meta property=\"og:image\" content=\"https:\/\/www.magna.org\/sk\/wp-content\/uploads\/2022\/12\/homepage-kontaktujte-nas-mb202110g00025-1024x683.jpg\" \/>\n\t<meta property=\"og:image:width\" content=\"1024\" \/>\n\t<meta property=\"og:image:height\" content=\"683\" \/>\n\t<meta property=\"og:image:type\" content=\"image\/jpeg\" \/>\n<meta name=\"author\" content=\"magna\" \/>\n<meta name=\"twitter:card\" content=\"summary_large_image\" \/>\n<meta name=\"twitter:label1\" content=\"Written by\" \/>\n\t<meta name=\"twitter:data1\" content=\"magna\" \/>\n\t<meta name=\"twitter:label2\" content=\"Est. reading time\" \/>\n\t<meta name=\"twitter:data2\" content=\"1 minute\" \/>\n<script type=\"application\/ld+json\" class=\"yoast-schema-graph\">{\"@context\":\"https:\/\/schema.org\",\"@graph\":[{\"@type\":\"WebPage\",\"@id\":\"https:\/\/www.magna.org\/sk\/operacia\/ukrajina-operacie\/doneck-podpora-zdravotnych-centier-na-vojnovej-linii\/\",\"url\":\"https:\/\/www.magna.org\/sk\/operacia\/ukrajina-operacie\/doneck-podpora-zdravotnych-centier-na-vojnovej-linii\/\",\"name\":\"Doneck: podpora zdravotn\u00fdch centier na vojnovej l\u00ednii - Magna\",\"isPartOf\":{\"@id\":\"https:\/\/www.magna.org\/sk\/#website\"},\"primaryImageOfPage\":{\"@id\":\"https:\/\/www.magna.org\/sk\/operacia\/ukrajina-operacie\/doneck-podpora-zdravotnych-centier-na-vojnovej-linii\/#primaryimage\"},\"image\":{\"@id\":\"https:\/\/www.magna.org\/sk\/operacia\/ukrajina-operacie\/doneck-podpora-zdravotnych-centier-na-vojnovej-linii\/#primaryimage\"},\"thumbnailUrl\":\"https:\/\/www.magna.org\/sk\/wp-content\/uploads\/2022\/12\/homepage-kontaktujte-nas-mb202110g00025.jpg\",\"datePublished\":\"2022-11-20T18:49:24+00:00\",\"dateModified\":\"2023-12-17T17:37:55+00:00\",\"author\":{\"@id\":\"https:\/\/www.magna.org\/sk\/#\/schema\/person\/5ba0ec6eee787d64596839e5ba054a3c\"},\"breadcrumb\":{\"@id\":\"https:\/\/www.magna.org\/sk\/operacia\/ukrajina-operacie\/doneck-podpora-zdravotnych-centier-na-vojnovej-linii\/#breadcrumb\"},\"inLanguage\":\"en-US\",\"potentialAction\":[{\"@type\":\"ReadAction\",\"target\":[\"https:\/\/www.magna.org\/sk\/operacia\/ukrajina-operacie\/doneck-podpora-zdravotnych-centier-na-vojnovej-linii\/\"]}]},{\"@type\":\"ImageObject\",\"inLanguage\":\"en-US\",\"@id\":\"https:\/\/www.magna.org\/sk\/operacia\/ukrajina-operacie\/doneck-podpora-zdravotnych-centier-na-vojnovej-linii\/#primaryimage\",\"url\":\"https:\/\/www.magna.org\/sk\/wp-content\/uploads\/2022\/12\/homepage-kontaktujte-nas-mb202110g00025.jpg\",\"contentUrl\":\"https:\/\/www.magna.org\/sk\/wp-content\/uploads\/2022\/12\/homepage-kontaktujte-nas-mb202110g00025.jpg\",\"width\":1800,\"height\":1200},{\"@type\":\"BreadcrumbList\",\"@id\":\"https:\/\/www.magna.org\/sk\/operacia\/ukrajina-operacie\/doneck-podpora-zdravotnych-centier-na-vojnovej-linii\/#breadcrumb\",\"itemListElement\":[{\"@type\":\"ListItem\",\"position\":1,\"name\":\"Home\",\"item\":\"https:\/\/www.magna.org\/sk\/\"},{\"@type\":\"ListItem\",\"position\":2,\"name\":\"Doneck: podpora zdravotn\u00fdch centier na vojnovej l\u00ednii\"}]},{\"@type\":\"WebSite\",\"@id\":\"https:\/\/www.magna.org\/sk\/#website\",\"url\":\"https:\/\/www.magna.org\/sk\/\",\"name\":\"Magna\",\"description\":\"Just another WordPress site\",\"potentialAction\":[{\"@type\":\"SearchAction\",\"target\":{\"@type\":\"EntryPoint\",\"urlTemplate\":\"https:\/\/www.magna.org\/sk\/?s={search_term_string}\"},\"query-input\":{\"@type\":\"PropertyValueSpecification\",\"valueRequired\":true,\"valueName\":\"search_term_string\"}}],\"inLanguage\":\"en-US\"},{\"@type\":\"Person\",\"@id\":\"https:\/\/www.magna.org\/sk\/#\/schema\/person\/5ba0ec6eee787d64596839e5ba054a3c\",\"name\":\"magna\",\"image\":{\"@type\":\"ImageObject\",\"inLanguage\":\"en-US\",\"@id\":\"https:\/\/www.magna.org\/sk\/#\/schema\/person\/image\/\",\"url\":\"https:\/\/secure.gravatar.com\/avatar\/c48678daf250d326987444888ba874b15d966557659590ee15699486b7e120b3?s=96&d=mm&r=g\",\"contentUrl\":\"https:\/\/secure.gravatar.com\/avatar\/c48678daf250d326987444888ba874b15d966557659590ee15699486b7e120b3?s=96&d=mm&r=g\",\"caption\":\"magna\"},\"url\":\"https:\/\/www.magna.org\/sk\/author\/magna\/\"}]}<\/script>\n<!-- \/ Yoast SEO plugin. -->","yoast_head_json":{"title":"Doneck: podpora zdravotn\u00fdch centier na vojnovej l\u00ednii - Magna","robots":{"index":"index","follow":"follow","max-snippet":"max-snippet:-1","max-image-preview":"max-image-preview:large","max-video-preview":"max-video-preview:-1"},"canonical":"https:\/\/www.magna.org\/sk\/operacia\/ukrajina-operacie\/doneck-podpora-zdravotnych-centier-na-vojnovej-linii\/","og_locale":"en_US","og_type":"article","og_title":"Doneck: podpora zdravotn\u00fdch centier na vojnovej l\u00ednii - Magna","og_description":"V Avdiivke a Novoaidare vo v\u00fdchdonej \u010dasti Ukrajiny na vojnovej l\u00edni\u00ed\u00ed MAGNA t\u00edmy poskytuj\u00fa \u013eu\u010fom s chronick\u00fdmi ochoreniami zdravotn\u00fa pomoc. Projekt sme ukon\u010dili na konci febru\u00e1ra 2022, kedy vypukol vojensk\u00fd konlikt na Ukrajine. Pre\u010do MAGNA zasahuje na Ukrajine? Ozbrojen\u00fd konflikt na v\u00fdchodnej Ukrajine zasiahol 5,2 mili\u00f3na \u013eud\u00ed. Od za\u010diatku konfliktu v roku 2014 pri\u0161lo o [&hellip;]","og_url":"https:\/\/www.magna.org\/sk\/operacia\/ukrajina-operacie\/doneck-podpora-zdravotnych-centier-na-vojnovej-linii\/","og_site_name":"Magna","article_published_time":"2022-11-20T18:49:24+00:00","article_modified_time":"2023-12-17T17:37:55+00:00","og_image":[{"width":1024,"height":683,"url":"https:\/\/www.magna.org\/sk\/wp-content\/uploads\/2022\/12\/homepage-kontaktujte-nas-mb202110g00025-1024x683.jpg","type":"image\/jpeg"}],"author":"magna","twitter_card":"summary_large_image","twitter_misc":{"Written by":"magna","Est. reading time":"1 minute"},"schema":{"@context":"https:\/\/schema.org","@graph":[{"@type":"WebPage","@id":"https:\/\/www.magna.org\/sk\/operacia\/ukrajina-operacie\/doneck-podpora-zdravotnych-centier-na-vojnovej-linii\/","url":"https:\/\/www.magna.org\/sk\/operacia\/ukrajina-operacie\/doneck-podpora-zdravotnych-centier-na-vojnovej-linii\/","name":"Doneck: podpora zdravotn\u00fdch centier na vojnovej l\u00ednii - Magna","isPartOf":{"@id":"https:\/\/www.magna.org\/sk\/#website"},"primaryImageOfPage":{"@id":"https:\/\/www.magna.org\/sk\/operacia\/ukrajina-operacie\/doneck-podpora-zdravotnych-centier-na-vojnovej-linii\/#primaryimage"},"image":{"@id":"https:\/\/www.magna.org\/sk\/operacia\/ukrajina-operacie\/doneck-podpora-zdravotnych-centier-na-vojnovej-linii\/#primaryimage"},"thumbnailUrl":"https:\/\/www.magna.org\/sk\/wp-content\/uploads\/2022\/12\/homepage-kontaktujte-nas-mb202110g00025.jpg","datePublished":"2022-11-20T18:49:24+00:00","dateModified":"2023-12-17T17:37:55+00:00","author":{"@id":"https:\/\/www.magna.org\/sk\/#\/schema\/person\/5ba0ec6eee787d64596839e5ba054a3c"},"breadcrumb":{"@id":"https:\/\/www.magna.org\/sk\/operacia\/ukrajina-operacie\/doneck-podpora-zdravotnych-centier-na-vojnovej-linii\/#breadcrumb"},"inLanguage":"en-US","potentialAction":[{"@type":"ReadAction","target":["https:\/\/www.magna.org\/sk\/operacia\/ukrajina-operacie\/doneck-podpora-zdravotnych-centier-na-vojnovej-linii\/"]}]},{"@type":"ImageObject","inLanguage":"en-US","@id":"https:\/\/www.magna.org\/sk\/operacia\/ukrajina-operacie\/doneck-podpora-zdravotnych-centier-na-vojnovej-linii\/#primaryimage","url":"https:\/\/www.magna.org\/sk\/wp-content\/uploads\/2022\/12\/homepage-kontaktujte-nas-mb202110g00025.jpg","contentUrl":"https:\/\/www.magna.org\/sk\/wp-content\/uploads\/2022\/12\/homepage-kontaktujte-nas-mb202110g00025.jpg","width":1800,"height":1200},{"@type":"BreadcrumbList","@id":"https:\/\/www.magna.org\/sk\/operacia\/ukrajina-operacie\/doneck-podpora-zdravotnych-centier-na-vojnovej-linii\/#breadcrumb","itemListElement":[{"@type":"ListItem","position":1,"name":"Home","item":"https:\/\/www.magna.org\/sk\/"},{"@type":"ListItem","position":2,"name":"Doneck: podpora zdravotn\u00fdch centier na vojnovej l\u00ednii"}]},{"@type":"WebSite","@id":"https:\/\/www.magna.org\/sk\/#website","url":"https:\/\/www.magna.org\/sk\/","name":"Magna","description":"Just another WordPress site","potentialAction":[{"@type":"SearchAction","target":{"@type":"EntryPoint","urlTemplate":"https:\/\/www.magna.org\/sk\/?s={search_term_string}"},"query-input":{"@type":"PropertyValueSpecification","valueRequired":true,"valueName":"search_term_string"}}],"inLanguage":"en-US"},{"@type":"Person","@id":"https:\/\/www.magna.org\/sk\/#\/schema\/person\/5ba0ec6eee787d64596839e5ba054a3c","name":"magna","image":{"@type":"ImageObject","inLanguage":"en-US","@id":"https:\/\/www.magna.org\/sk\/#\/schema\/person\/image\/","url":"https:\/\/secure.gravatar.com\/avatar\/c48678daf250d326987444888ba874b15d966557659590ee15699486b7e120b3?s=96&d=mm&r=g","contentUrl":"https:\/\/secure.gravatar.com\/avatar\/c48678daf250d326987444888ba874b15d966557659590ee15699486b7e120b3?s=96&d=mm&r=g","caption":"magna"},"url":"https:\/\/www.magna.org\/sk\/author\/magna\/"}]}},"_links":{"self":[{"href":"https:\/\/www.magna.org\/sk\/wp-json\/wp\/v2\/posts\/4682","targetHints":{"allow":["GET"]}}],"collection":[{"href":"https:\/\/www.magna.org\/sk\/wp-json\/wp\/v2\/posts"}],"about":[{"href":"https:\/\/www.magna.org\/sk\/wp-json\/wp\/v2\/types\/post"}],"author":[{"embeddable":true,"href":"https:\/\/www.magna.org\/sk\/wp-json\/wp\/v2\/users\/2"}],"replies":[{"embeddable":true,"href":"https:\/\/www.magna.org\/sk\/wp-json\/wp\/v2\/comments?post=4682"}],"version-history":[{"count":12,"href":"https:\/\/www.magna.org\/sk\/wp-json\/wp\/v2\/posts\/4682\/revisions"}],"predecessor-version":[{"id":14663,"href":"https:\/\/www.magna.org\/sk\/wp-json\/wp\/v2\/posts\/4682\/revisions\/14663"}],"wp:featuredmedia":[{"embeddable":true,"href":"https:\/\/www.magna.org\/sk\/wp-json\/wp\/v2\/media\/6520"}],"wp:attachment":[{"href":"https:\/\/www.magna.org\/sk\/wp-json\/wp\/v2\/media?parent=4682"}],"wp:term":[{"taxonomy":"category","embeddable":true,"href":"https:\/\/www.magna.org\/sk\/wp-json\/wp\/v2\/categories?post=4682"},{"taxonomy":"post_tag","embeddable":true,"href":"https:\/\/www.magna.org\/sk\/wp-json\/wp\/v2\/tags?post=4682"},{"taxonomy":"post_country","embeddable":true,"href":"https:\/\/www.magna.org\/sk\/wp-json\/wp\/v2\/post_country?post=4682"},{"taxonomy":"post_year","embeddable":true,"href":"https:\/\/www.magna.org\/sk\/wp-json\/wp\/v2\/post_year?post=4682"},{"taxonomy":"post_layout","embeddable":true,"href":"https:\/\/www.magna.org\/sk\/wp-json\/wp\/v2\/post_layout?post=4682"},{"taxonomy":"post_topic","embeddable":true,"href":"https:\/\/www.magna.org\/sk\/wp-json\/wp\/v2\/post_topic?post=4682"}],"curies":[{"name":"wp","href":"https:\/\/api.w.org\/{rel}","templated":true}]}}