{"id":8331,"date":"2020-12-01T13:53:40","date_gmt":"2020-12-01T13:53:40","guid":{"rendered":"https:\/\/www.magna.org\/sk\/magna-bojuje-proti-hiv-aids-epidemii-ktora-stale-existuje-aj-ked-sa-o-nej-uz-nehovori\/"},"modified":"2022-12-04T19:52:05","modified_gmt":"2022-12-04T19:52:05","slug":"magna-bojujeme-proti-hiv-aids-epidemii-ktora-stale-existuje-aj-ked-sa-o-nej-uz-nehovori","status":"publish","type":"post","link":"https:\/\/www.magna.org\/sk\/zdravotne-problemy\/hiv-aids-zdravotne-problemy\/magna-bojujeme-proti-hiv-aids-epidemii-ktora-stale-existuje-aj-ked-sa-o-nej-uz-nehovori\/","title":{"rendered":"MAGNA: bojujeme proti HIV\/AIDS, epid\u00e9mii, ktor\u00e1 st\u00e1le existuje, aj ke\u010f sa o nej u\u017e nehovor\u00ed"},"content":{"rendered":"<div class=\"e-content-text\"><div class=\"e-content-text__inner\">\n<p class=\"has-vivid-red-color has-text-color\">1.december \u2013 Svetov\u00fd de\u0148 boja proti AIDS.<\/p>\n<\/div><\/div>\n\n<div class=\"e-content-text\"><div class=\"e-content-text__inner\">\n<p>Sreymom pacientka v MAGNA programe sa s v\u00edrusom HIV narodila pred rokmi v Kambod\u017ei. Po genoc\u00edde, ktor\u00e1 st\u00e1la \u017eivoty mili\u00f3ny \u013eud\u00ed a ob\u010dianskej vojne, v st\u00e1le nezotavenej Kambod\u017ei, v tom \u010dase neexistovali lieky ale ani programy, ktor\u00e9 by pomohli novorodencom nenakazi\u0165 sa od svojej mamy. Mnoh\u00ed z nich sa preto \u010doskoro stali sirotami. Sirotami s HIV v tele. Ke\u010f sme pri\u0161li pred takmer 20 rokmi do Kambod\u017ee pom\u00e1ha\u0165, na\u0161li sme osirel\u00e9 deti v z\u00fabo\u017eenom stave, mnoh\u00e9 na pokraji smrti. Zobrali sme ich do na\u0161ich sirotincov, starali sa o ne a najm\u00e4, poskytli sme im lie\u010dbu, v\u010faka ktorej \u017eij\u00fa dodnes. V\u00edrus HIV s\u00edce v tele nosia st\u00e1le, no v\u010faka antiretrovir\u00e1lnej (ARV) lie\u010dbe sp\u00ed.<\/p>\n<\/div><\/div>\n\n<div class=\"e-content-text\"><div class=\"e-content-text__inner\">\n<p>Tak ako Sreymom. Vyr\u00e1stla v domove MAGNA, s na\u0161imi lek\u00e1rmi, terapeutmi, pest\u00fanmi, ale aj s desiatkami ba stovkami s\u00farodencov, ktor\u00fdch sme za ten \u010das zachr\u00e1nili. Sreymom skon\u010dila \u0161kolu, zmaturovala. \u017dije svoj \u017eivot, najlep\u0161ie ako vie, smeje sa ako ka\u017ed\u00fd z n\u00e1s, no tie\u017e vie, \u017ee nesmie zabudn\u00fa\u0165 na svoje lieky. Ke\u010f r\u00e1no ide do svojho obchod\u00edku, d\u00e1 si \u010fal\u0161iu d\u00e1vku ARV liekov, rozl\u00fa\u010di sa s man\u017eelom a trojro\u010dnou dc\u00e9rkou sadne na motorku a od\u00edde do v\u00edru \u017eivota kambod\u017esk\u00e9ho hlavn\u00e9ho mesta. Jej dc\u00e9ra HIV nem\u00e1. V\u010faka programu MAGNA, ktor\u00fd dok\u00e1\u017ee zabr\u00e1ni\u0165 prenosu v\u00edrusu z matky na novorodenca. A zabr\u00e1nil u\u017e v mnoh\u00fdch pr\u00edpadoch. Sreymom u\u017e nos\u00ed pod srdcom syna. A vie, \u017ee aj on bude zaraden\u00fd do PMTCT (Prevention of Mother-to-child Transmission \u2013 prevencia prenosu z matky na die\u0165a) programu MAGNA. Tak ako viac ako 400 \u010fal\u0161\u00edch det\u00ed v Kambod\u017ei na bud\u00faci rok. Zabr\u00e1ni\u0165 prenosu HIV sa n\u00e1m dar\u00ed u\u017e vo viac ako 99,8 percent\u00e1ch pr\u00edpadov.<\/p>\n<\/div><\/div>\n\n<div class=\"e-content-text\"><div class=\"e-content-text__inner\">\n<p>Slovami to vyzer\u00e1 jednoducho, ale zabr\u00e1ni\u0165 prenosu HIV z matky na die\u0165a je n\u00e1ro\u010dn\u00fd proces. Za\u010d\u00edna sa pravidelnou predp\u00f4rodnou lek\u00e1rskou starostlivos\u0165ou, testovan\u00edm, antiretrovir\u00e1lnou lie\u010dbou, pokra\u010duje \u0161peci\u00e1lne veden\u00fdm p\u00f4rodom v nemocnici, testovan\u00edm novorodenca a nasaden\u00edm pr\u00edslu\u0161nej lie\u010dby a\u017e do 18. mesiaca veku die\u0165a\u0165a.<\/p>\n<\/div><\/div>\n\n<div class=\"e-content-text\"><div class=\"e-content-text__inner\">\n<p>Celosvetov\u00e1 pand\u00e9mia Covid 19 potla\u010dila do \u00fazadia v\u0161etky glob\u00e1lne zdravotn\u00e9 probl\u00e9my, \u010di u\u017e to je mal\u00e1ria, ktor\u00e1 ro\u010dne zab\u00edja st\u00e1tis\u00edce det\u00ed alebo epid\u00e9mia HIV\/AIDS. Pacienti s HIV pritom patria medzi rizikov\u00e9 skupiny, ktor\u00e9 Covid 19 ohrozuje viac ako ostatn\u00fdch.<\/p>\n<\/div><\/div>\n\n<div class=\"e-content-text\"><div class=\"e-content-text__inner\">\n<p>S v\u00edrusom HIV, \u017eije na svete asi 38 mili\u00f3nov \u013eud\u00ed, st\u00e1tis\u00edce ka\u017edoro\u010dne umieraj\u00fa. Pomoc bohat\u00fdch \u0161t\u00e1tov stagnuje, a tak takmer tretina postihnut\u00fdch nem\u00e1 pr\u00edstup k lie\u010dbe. Boj s HIV\/AIDS u\u017e nie je na m\u00f3dnej vlne a obmedzuj\u00fa sa aj zdroje, pr\u00e1ve vtedy, ke\u010f by ich bolo treba viac. HIV je dnes u\u017e zriedka vykres\u013eovan\u00fd ako smrte\u013en\u00e1 epid\u00e9mia a glob\u00e1lna hrozba pre zdravie. St\u00e1le \u0148ou v\u0161ak je.<\/p>\n<\/div><\/div>\n\n<div class=\"e-content-text\"><div class=\"e-content-text__inner\">\n<p>Slov\u00e1 s ktor\u00fdmi MAGNA vznikla, ako \u201e\u010dlovek\u201c, \u201epacient\u201c, \u201echor\u00fd\u201c, \u201eute\u010denec\u201c sa v dne\u0161nom svete vymie\u0148aj\u00fa za slov\u00e1 \u201eriziko\u201c, \u201eefektivita\u201c, \u201eaudit\u201c. Zo sveta mizn\u00fa \u013eudia \u2013 pacienti, glob\u00e1lne kr\u00edzy sa dehumanizuj\u00fa, prich\u00e1dzaj\u00fa vo vn\u00edman\u00ed spolo\u010dnosti o svoju podstatu, jeden konkr\u00e9tny \u013eudsk\u00fd osud. V pr\u00edpade HIV\/AIDS \u201epre\u017eitie pacientov\u201c nahradila \u201eudr\u017eate\u013enos\u0165\u201c.<\/p>\n<\/div><\/div>\n\n<div class=\"e-content-text\"><div class=\"e-content-text__inner\">\n<p>Koniec AIDS bol na dosah, modelovanie jeho ekonomickej uskuto\u010dnite\u013enosti v\u0161ak sp\u00f4sobilo ne\u0161\u0165astn\u00fd posun v nasaden\u00ed celosvetov\u00e9ho boja, tak v politickom a praktickom. Pr\u00edli\u0161 sebavedom\u00e9 n\u00e1roky a medzin\u00e1rodn\u00e1 donorsk\u00e1 \u00fanava viedli k skor\u00e9mu uvo\u013eneniu a namiesto dosiahnutia cie\u013ea, potla\u010di\u0165 epid\u00e9miu HIV\/AIDS, sme sa od neho vzdialili.<\/p>\n<\/div><\/div>\n\n<div class=\"e-content-text\"><div class=\"e-content-text__inner\">\n<p>To \u017ee sa o HIV\/AIDS nehovor\u00ed, alebo hovor\u00ed ove\u013ea menej ako v minulosti neznamen\u00e1, \u017ee ako glob\u00e1lny probl\u00e9m neexistuje. Mnoh\u00e9 krajiny, ktor\u00e9 by mali s epid\u00e9miou bojova\u0165 sam\u00e9, napriek pokroku nemaj\u00fa schopnosti, ani zdroje, aby to dok\u00e1zali efekt\u00edvne a trpezlivo. Lie\u010dba je dlhodob\u00e1 a t\u00fdm aj n\u00e1kladn\u00e1, celosvetov\u00e9 ciele sa opakovane nedodr\u017eiavaj\u00fa a term\u00edny pos\u00favaj\u00fa. Ak medzin\u00e1rodn\u00e9 spolo\u010denstvo nezarad\u00ed boj s HIV\/AIDS medzi svoje priority a nepodpor\u00ed ho aj peniazmi, ktor\u00e9 skon\u010dia u konkr\u00e9tneho pacienta, m\u00f4\u017ee epid\u00e9mia \u013eudstvo op\u00e4\u0165 prekvapi\u0165 a s e\u0161te v\u00e4\u010d\u0161ou silou.<\/p>\n<\/div><\/div>\n\n<div class=\"e-content-text\"><div class=\"e-content-text__inner\">\n<p>V MAGNA si uvedomujeme, \u017ee ka\u017ed\u00fd jeden pacient s HIV\/AIDS si vy\u017eaduje dlhodob\u00fa pozornos\u0165 a boj s v\u00edrusom trpezlivos\u0165. Sreymom, ako tis\u00edce na\u0161ich pacientov, \u017eije be\u017en\u00fd \u017eivot v\u010faka tomu, \u017ee m\u00e1 k dispoz\u00edcii antiretrovir\u00e1lnu lie\u010dbu, ale aj potrebn\u00fa zdravotn\u00edcku podporu. Jej dc\u00e9ra sa narodila bez HIV v\u010faka tomu, \u017ee Sreymom u\u017e po\u010das tehotenstva a po p\u00f4rode bola s\u00fa\u010das\u0165ou lie\u010debn\u00e9ho programu, ktor\u00fd zabra\u0148uje prenosu HIV z matky na die\u0165a. Rovnako to je aj v pr\u00edpade jej druh\u00e9ho die\u0165a\u0165a, ktor\u00e9 nos\u00ed pod srdcom a ver\u00edme, \u017ee aj jej druh\u00e9 die\u0165a sa narod\u00ed bez HIV. Rovnako ako \u010fal\u0161ie stovky novorodencov, ktor\u00ed bud\u00fa s\u00fa\u010das\u0165ou n\u00e1\u0161ho programu. Rodi\u010dia s HIV toti\u017e m\u00f4\u017eu ma\u0165 negat\u00edvne deti. A t\u00e1to skuto\u010dnos\u0165 je jedn\u00fdm zo sp\u00f4sobov ako prispie\u0165 k porazeniu epid\u00e9mie HIV\/AIDS vo svete.<\/p>\n<\/div><\/div>\n\n<div class=\"e-content-text\"><div class=\"e-content-text__inner\">\n<h3 class=\"wp-block-heading\"><strong>Ako m\u00f4\u017eete pom\u00f4c\u0165 Vy?<\/strong><\/h3>\n<\/div><\/div>\n\n<div class=\"e-content-text\"><div class=\"e-content-text__inner\">\n<p>Jedn\u00fdm z najlep\u0161\u00edch sp\u00f4sobov, ako m\u00f4\u017eete pr\u00e1ve teraz pom\u00f4c\u0165, je ur\u00fdchlene poskytn\u00fa\u0165 finan\u010dn\u00fd dar, ktor\u00fd n\u00e1m pom\u00f4\u017ee pom\u00f4c\u0165 de\u0165om a ich rodin\u00e1m v kr\u00edze. Budete s\u00fa\u010das\u0165ou viac ako 10 tis\u00edc \u013eud\u00ed na Slovensku, ktor\u00ed s nami pravidelne pom\u00e1haj\u00fa.<\/p>\n<\/div><\/div>\n\n<div class=\"e-content-support\">\n    <div class=\"e-content-support__box\" style=\"background-image:url('https:\/\/www.magna.org\/sk\/wp-content\/uploads\/2022\/08\/homepage-kazde-novonarodene-babatko-je-ako-maly-vychod-slnka-mb201911g6509.-desktop-v01jpg-e1664093677272.jpg')\">\n        <div class=\"e-content-support__content\">\n            <h3 class=\"e-content-support__title\">Lie\u010dime v\u010faka V\u00e1m<\/h3>\n            <div class=\"e-content-support__text\">Va\u0161a podpora zohr\u00e1va v\u00fdznamn\u00fa \u00falohu v na\u0161ej pr\u00e1ci na z\u00e1chranu \u017eivotov.<\/div>\n        <\/div>\n        <div class=\"e-content-support__donate\">\n        <\/div>\n    <\/div>\n<\/div>\n\n<div class=\"e-content-text\"><div class=\"e-content-text__inner\">\n<p><strong>SMS v tvare MAGNA na \u010d\u00edslo 806<br><\/strong>Nastavte si pravideln\u00e9 prispievanie zaslan\u00edm SMS v tvare\u00a0MAGNA\u00a0na \u010d\u00edslo 806\u00a0a ka\u017ed\u00fd mesiac automaticky prispejete 6 \u20ac. 100% v\u00e1\u0161ho daru smeruje do fondu urgentnej pomoci.<\/p>\n<\/div><\/div>\n\n<div class=\"e-content-text\"><div class=\"e-content-text__inner\">\n<p><strong>Darujte vkladom na \u00fa\u010det<\/strong><br>IBAN: SK87 1111 0000 00133 179 3900<\/p>\n<\/div><\/div>","protected":false},"excerpt":{"rendered":"<p>S v\u00edrusom HIV, \u017eije na svete asi 38 mili\u00f3nov \u013eud\u00ed, st\u00e1tis\u00edce ka\u017edoro\u010dne umieraj\u00fa. Pomoc bohat\u00fdch \u0161t\u00e1tov stagnuje, a tak takmer tretina postihnut\u00fdch nem\u00e1 pr\u00edstup k lie\u010dbe. Boj s HIV\/AIDS u\u017e nie je na m\u00f3dnej vlne a obmedzuj\u00fa sa aj zdroje, pr\u00e1ve vtedy, ke\u010f by ich bolo treba viac. HIV je dnes u\u017e zriedka vykres\u013eovan\u00fd ako smrte\u013en\u00e1 epid\u00e9mia a glob\u00e1lna hrozba pre zdravie. St\u00e1le \u0148ou v\u0161ak je. <\/p>\n","protected":false},"author":1,"featured_media":8334,"comment_status":"closed","ping_status":"closed","sticky":false,"template":"","format":"standard","meta":{"_acf_changed":false,"inline_featured_image":false,"footnotes":""},"categories":[116],"tags":[142],"post_country":[],"post_year":[],"post_layout":[49],"post_topic":[56],"class_list":["post-8331","post","type-post","status-publish","format-standard","has-post-thumbnail","hentry","category-hiv-aids-zdravotne-problemy","tag-tlacova-sprava","post_layout-tlacova-sprava","post_topic-hiv-aids"],"acf":[],"yoast_head":"<!-- This site is optimized with the Yoast SEO plugin v24.3 - https:\/\/yoast.com\/wordpress\/plugins\/seo\/ -->\n<title>MAGNA: bojujeme proti HIV\/AIDS, epid\u00e9mii, ktor\u00e1 st\u00e1le existuje, aj ke\u010f sa o nej u\u017e nehovor\u00ed - Magna<\/title>\n<meta name=\"robots\" content=\"index, follow, max-snippet:-1, max-image-preview:large, max-video-preview:-1\" \/>\n<link rel=\"canonical\" href=\"https:\/\/www.magna.org\/sk\/zdravotne-problemy\/hiv-aids-zdravotne-problemy\/magna-bojujeme-proti-hiv-aids-epidemii-ktora-stale-existuje-aj-ked-sa-o-nej-uz-nehovori\/\" \/>\n<meta property=\"og:locale\" content=\"en_US\" \/>\n<meta property=\"og:type\" content=\"article\" \/>\n<meta property=\"og:title\" content=\"MAGNA: bojujeme proti HIV\/AIDS, epid\u00e9mii, ktor\u00e1 st\u00e1le existuje, aj ke\u010f sa o nej u\u017e nehovor\u00ed - Magna\" \/>\n<meta property=\"og:description\" content=\"S v\u00edrusom HIV, \u017eije na svete asi 38 mili\u00f3nov \u013eud\u00ed, st\u00e1tis\u00edce ka\u017edoro\u010dne umieraj\u00fa. Pomoc bohat\u00fdch \u0161t\u00e1tov stagnuje, a tak takmer tretina postihnut\u00fdch nem\u00e1 pr\u00edstup k lie\u010dbe. Boj s HIV\/AIDS u\u017e nie je na m\u00f3dnej vlne a obmedzuj\u00fa sa aj zdroje, pr\u00e1ve vtedy, ke\u010f by ich bolo treba viac. HIV je dnes u\u017e zriedka vykres\u013eovan\u00fd ako smrte\u013en\u00e1 epid\u00e9mia a glob\u00e1lna hrozba pre zdravie. St\u00e1le \u0148ou v\u0161ak je.\" \/>\n<meta property=\"og:url\" content=\"https:\/\/www.magna.org\/sk\/zdravotne-problemy\/hiv-aids-zdravotne-problemy\/magna-bojujeme-proti-hiv-aids-epidemii-ktora-stale-existuje-aj-ked-sa-o-nej-uz-nehovori\/\" \/>\n<meta property=\"og:site_name\" content=\"Magna\" \/>\n<meta property=\"article:published_time\" content=\"2020-12-01T13:53:40+00:00\" \/>\n<meta property=\"article:modified_time\" content=\"2022-12-04T19:52:05+00:00\" \/>\n<meta property=\"og:image\" content=\"https:\/\/www.magna.org\/sk\/wp-content\/uploads\/2022\/12\/mb201405g1471-scaled.jpg\" \/>\n\t<meta property=\"og:image:width\" content=\"2560\" \/>\n\t<meta property=\"og:image:height\" content=\"1703\" \/>\n\t<meta property=\"og:image:type\" content=\"image\/jpeg\" \/>\n<meta name=\"author\" content=\"deploy\" \/>\n<meta name=\"twitter:card\" content=\"summary_large_image\" \/>\n<meta name=\"twitter:label1\" content=\"Written by\" \/>\n\t<meta name=\"twitter:data1\" content=\"deploy\" \/>\n\t<meta name=\"twitter:label2\" content=\"Est. reading time\" \/>\n\t<meta name=\"twitter:data2\" content=\"4 minutes\" \/>\n<script type=\"application\/ld+json\" class=\"yoast-schema-graph\">{\"@context\":\"https:\/\/schema.org\",\"@graph\":[{\"@type\":\"WebPage\",\"@id\":\"https:\/\/www.magna.org\/sk\/zdravotne-problemy\/hiv-aids-zdravotne-problemy\/magna-bojujeme-proti-hiv-aids-epidemii-ktora-stale-existuje-aj-ked-sa-o-nej-uz-nehovori\/\",\"url\":\"https:\/\/www.magna.org\/sk\/zdravotne-problemy\/hiv-aids-zdravotne-problemy\/magna-bojujeme-proti-hiv-aids-epidemii-ktora-stale-existuje-aj-ked-sa-o-nej-uz-nehovori\/\",\"name\":\"MAGNA: bojujeme proti HIV\/AIDS, epid\u00e9mii, ktor\u00e1 st\u00e1le existuje, aj ke\u010f sa o nej u\u017e nehovor\u00ed - Magna\",\"isPartOf\":{\"@id\":\"https:\/\/www.magna.org\/sk\/#website\"},\"primaryImageOfPage\":{\"@id\":\"https:\/\/www.magna.org\/sk\/zdravotne-problemy\/hiv-aids-zdravotne-problemy\/magna-bojujeme-proti-hiv-aids-epidemii-ktora-stale-existuje-aj-ked-sa-o-nej-uz-nehovori\/#primaryimage\"},\"image\":{\"@id\":\"https:\/\/www.magna.org\/sk\/zdravotne-problemy\/hiv-aids-zdravotne-problemy\/magna-bojujeme-proti-hiv-aids-epidemii-ktora-stale-existuje-aj-ked-sa-o-nej-uz-nehovori\/#primaryimage\"},\"thumbnailUrl\":\"https:\/\/www.magna.org\/sk\/wp-content\/uploads\/2022\/12\/mb201405g1471-scaled.jpg\",\"datePublished\":\"2020-12-01T13:53:40+00:00\",\"dateModified\":\"2022-12-04T19:52:05+00:00\",\"author\":{\"@id\":\"https:\/\/www.magna.org\/sk\/#\/schema\/person\/a838e2cdbf5c81bb7f5c84bd8046343d\"},\"breadcrumb\":{\"@id\":\"https:\/\/www.magna.org\/sk\/zdravotne-problemy\/hiv-aids-zdravotne-problemy\/magna-bojujeme-proti-hiv-aids-epidemii-ktora-stale-existuje-aj-ked-sa-o-nej-uz-nehovori\/#breadcrumb\"},\"inLanguage\":\"en-US\",\"potentialAction\":[{\"@type\":\"ReadAction\",\"target\":[\"https:\/\/www.magna.org\/sk\/zdravotne-problemy\/hiv-aids-zdravotne-problemy\/magna-bojujeme-proti-hiv-aids-epidemii-ktora-stale-existuje-aj-ked-sa-o-nej-uz-nehovori\/\"]}]},{\"@type\":\"ImageObject\",\"inLanguage\":\"en-US\",\"@id\":\"https:\/\/www.magna.org\/sk\/zdravotne-problemy\/hiv-aids-zdravotne-problemy\/magna-bojujeme-proti-hiv-aids-epidemii-ktora-stale-existuje-aj-ked-sa-o-nej-uz-nehovori\/#primaryimage\",\"url\":\"https:\/\/www.magna.org\/sk\/wp-content\/uploads\/2022\/12\/mb201405g1471-scaled.jpg\",\"contentUrl\":\"https:\/\/www.magna.org\/sk\/wp-content\/uploads\/2022\/12\/mb201405g1471-scaled.jpg\",\"width\":2560,\"height\":1703},{\"@type\":\"BreadcrumbList\",\"@id\":\"https:\/\/www.magna.org\/sk\/zdravotne-problemy\/hiv-aids-zdravotne-problemy\/magna-bojujeme-proti-hiv-aids-epidemii-ktora-stale-existuje-aj-ked-sa-o-nej-uz-nehovori\/#breadcrumb\",\"itemListElement\":[{\"@type\":\"ListItem\",\"position\":1,\"name\":\"Home\",\"item\":\"https:\/\/www.magna.org\/sk\/\"},{\"@type\":\"ListItem\",\"position\":2,\"name\":\"MAGNA: bojujeme proti HIV\/AIDS, epid\u00e9mii, ktor\u00e1 st\u00e1le existuje, aj ke\u010f sa o nej u\u017e nehovor\u00ed\"}]},{\"@type\":\"WebSite\",\"@id\":\"https:\/\/www.magna.org\/sk\/#website\",\"url\":\"https:\/\/www.magna.org\/sk\/\",\"name\":\"Magna\",\"description\":\"Just another WordPress site\",\"potentialAction\":[{\"@type\":\"SearchAction\",\"target\":{\"@type\":\"EntryPoint\",\"urlTemplate\":\"https:\/\/www.magna.org\/sk\/?s={search_term_string}\"},\"query-input\":{\"@type\":\"PropertyValueSpecification\",\"valueRequired\":true,\"valueName\":\"search_term_string\"}}],\"inLanguage\":\"en-US\"},{\"@type\":\"Person\",\"@id\":\"https:\/\/www.magna.org\/sk\/#\/schema\/person\/a838e2cdbf5c81bb7f5c84bd8046343d\",\"name\":\"deploy\",\"image\":{\"@type\":\"ImageObject\",\"inLanguage\":\"en-US\",\"@id\":\"https:\/\/www.magna.org\/sk\/#\/schema\/person\/image\/\",\"url\":\"https:\/\/secure.gravatar.com\/avatar\/f58ff0db8c587495222d5cda6cbc3e9158f2a8f9ce38ad818a4fe372d06cd3ec?s=96&d=mm&r=g\",\"contentUrl\":\"https:\/\/secure.gravatar.com\/avatar\/f58ff0db8c587495222d5cda6cbc3e9158f2a8f9ce38ad818a4fe372d06cd3ec?s=96&d=mm&r=g\",\"caption\":\"deploy\"},\"sameAs\":[\"https:\/\/www.magna.org\/sk\"],\"url\":\"https:\/\/www.magna.org\/sk\/author\/deploy\/\"}]}<\/script>\n<!-- \/ Yoast SEO plugin. -->","yoast_head_json":{"title":"MAGNA: bojujeme proti HIV\/AIDS, epid\u00e9mii, ktor\u00e1 st\u00e1le existuje, aj ke\u010f sa o nej u\u017e nehovor\u00ed - Magna","robots":{"index":"index","follow":"follow","max-snippet":"max-snippet:-1","max-image-preview":"max-image-preview:large","max-video-preview":"max-video-preview:-1"},"canonical":"https:\/\/www.magna.org\/sk\/zdravotne-problemy\/hiv-aids-zdravotne-problemy\/magna-bojujeme-proti-hiv-aids-epidemii-ktora-stale-existuje-aj-ked-sa-o-nej-uz-nehovori\/","og_locale":"en_US","og_type":"article","og_title":"MAGNA: bojujeme proti HIV\/AIDS, epid\u00e9mii, ktor\u00e1 st\u00e1le existuje, aj ke\u010f sa o nej u\u017e nehovor\u00ed - Magna","og_description":"S v\u00edrusom HIV, \u017eije na svete asi 38 mili\u00f3nov \u013eud\u00ed, st\u00e1tis\u00edce ka\u017edoro\u010dne umieraj\u00fa. Pomoc bohat\u00fdch \u0161t\u00e1tov stagnuje, a tak takmer tretina postihnut\u00fdch nem\u00e1 pr\u00edstup k lie\u010dbe. Boj s HIV\/AIDS u\u017e nie je na m\u00f3dnej vlne a obmedzuj\u00fa sa aj zdroje, pr\u00e1ve vtedy, ke\u010f by ich bolo treba viac. HIV je dnes u\u017e zriedka vykres\u013eovan\u00fd ako smrte\u013en\u00e1 epid\u00e9mia a glob\u00e1lna hrozba pre zdravie. St\u00e1le \u0148ou v\u0161ak je.","og_url":"https:\/\/www.magna.org\/sk\/zdravotne-problemy\/hiv-aids-zdravotne-problemy\/magna-bojujeme-proti-hiv-aids-epidemii-ktora-stale-existuje-aj-ked-sa-o-nej-uz-nehovori\/","og_site_name":"Magna","article_published_time":"2020-12-01T13:53:40+00:00","article_modified_time":"2022-12-04T19:52:05+00:00","og_image":[{"width":2560,"height":1703,"url":"https:\/\/www.magna.org\/sk\/wp-content\/uploads\/2022\/12\/mb201405g1471-scaled.jpg","type":"image\/jpeg"}],"author":"deploy","twitter_card":"summary_large_image","twitter_misc":{"Written by":"deploy","Est. reading time":"4 minutes"},"schema":{"@context":"https:\/\/schema.org","@graph":[{"@type":"WebPage","@id":"https:\/\/www.magna.org\/sk\/zdravotne-problemy\/hiv-aids-zdravotne-problemy\/magna-bojujeme-proti-hiv-aids-epidemii-ktora-stale-existuje-aj-ked-sa-o-nej-uz-nehovori\/","url":"https:\/\/www.magna.org\/sk\/zdravotne-problemy\/hiv-aids-zdravotne-problemy\/magna-bojujeme-proti-hiv-aids-epidemii-ktora-stale-existuje-aj-ked-sa-o-nej-uz-nehovori\/","name":"MAGNA: bojujeme proti HIV\/AIDS, epid\u00e9mii, ktor\u00e1 st\u00e1le existuje, aj ke\u010f sa o nej u\u017e nehovor\u00ed - Magna","isPartOf":{"@id":"https:\/\/www.magna.org\/sk\/#website"},"primaryImageOfPage":{"@id":"https:\/\/www.magna.org\/sk\/zdravotne-problemy\/hiv-aids-zdravotne-problemy\/magna-bojujeme-proti-hiv-aids-epidemii-ktora-stale-existuje-aj-ked-sa-o-nej-uz-nehovori\/#primaryimage"},"image":{"@id":"https:\/\/www.magna.org\/sk\/zdravotne-problemy\/hiv-aids-zdravotne-problemy\/magna-bojujeme-proti-hiv-aids-epidemii-ktora-stale-existuje-aj-ked-sa-o-nej-uz-nehovori\/#primaryimage"},"thumbnailUrl":"https:\/\/www.magna.org\/sk\/wp-content\/uploads\/2022\/12\/mb201405g1471-scaled.jpg","datePublished":"2020-12-01T13:53:40+00:00","dateModified":"2022-12-04T19:52:05+00:00","author":{"@id":"https:\/\/www.magna.org\/sk\/#\/schema\/person\/a838e2cdbf5c81bb7f5c84bd8046343d"},"breadcrumb":{"@id":"https:\/\/www.magna.org\/sk\/zdravotne-problemy\/hiv-aids-zdravotne-problemy\/magna-bojujeme-proti-hiv-aids-epidemii-ktora-stale-existuje-aj-ked-sa-o-nej-uz-nehovori\/#breadcrumb"},"inLanguage":"en-US","potentialAction":[{"@type":"ReadAction","target":["https:\/\/www.magna.org\/sk\/zdravotne-problemy\/hiv-aids-zdravotne-problemy\/magna-bojujeme-proti-hiv-aids-epidemii-ktora-stale-existuje-aj-ked-sa-o-nej-uz-nehovori\/"]}]},{"@type":"ImageObject","inLanguage":"en-US","@id":"https:\/\/www.magna.org\/sk\/zdravotne-problemy\/hiv-aids-zdravotne-problemy\/magna-bojujeme-proti-hiv-aids-epidemii-ktora-stale-existuje-aj-ked-sa-o-nej-uz-nehovori\/#primaryimage","url":"https:\/\/www.magna.org\/sk\/wp-content\/uploads\/2022\/12\/mb201405g1471-scaled.jpg","contentUrl":"https:\/\/www.magna.org\/sk\/wp-content\/uploads\/2022\/12\/mb201405g1471-scaled.jpg","width":2560,"height":1703},{"@type":"BreadcrumbList","@id":"https:\/\/www.magna.org\/sk\/zdravotne-problemy\/hiv-aids-zdravotne-problemy\/magna-bojujeme-proti-hiv-aids-epidemii-ktora-stale-existuje-aj-ked-sa-o-nej-uz-nehovori\/#breadcrumb","itemListElement":[{"@type":"ListItem","position":1,"name":"Home","item":"https:\/\/www.magna.org\/sk\/"},{"@type":"ListItem","position":2,"name":"MAGNA: bojujeme proti HIV\/AIDS, epid\u00e9mii, ktor\u00e1 st\u00e1le existuje, aj ke\u010f sa o nej u\u017e nehovor\u00ed"}]},{"@type":"WebSite","@id":"https:\/\/www.magna.org\/sk\/#website","url":"https:\/\/www.magna.org\/sk\/","name":"Magna","description":"Just another WordPress site","potentialAction":[{"@type":"SearchAction","target":{"@type":"EntryPoint","urlTemplate":"https:\/\/www.magna.org\/sk\/?s={search_term_string}"},"query-input":{"@type":"PropertyValueSpecification","valueRequired":true,"valueName":"search_term_string"}}],"inLanguage":"en-US"},{"@type":"Person","@id":"https:\/\/www.magna.org\/sk\/#\/schema\/person\/a838e2cdbf5c81bb7f5c84bd8046343d","name":"deploy","image":{"@type":"ImageObject","inLanguage":"en-US","@id":"https:\/\/www.magna.org\/sk\/#\/schema\/person\/image\/","url":"https:\/\/secure.gravatar.com\/avatar\/f58ff0db8c587495222d5cda6cbc3e9158f2a8f9ce38ad818a4fe372d06cd3ec?s=96&d=mm&r=g","contentUrl":"https:\/\/secure.gravatar.com\/avatar\/f58ff0db8c587495222d5cda6cbc3e9158f2a8f9ce38ad818a4fe372d06cd3ec?s=96&d=mm&r=g","caption":"deploy"},"sameAs":["https:\/\/www.magna.org\/sk"],"url":"https:\/\/www.magna.org\/sk\/author\/deploy\/"}]}},"_links":{"self":[{"href":"https:\/\/www.magna.org\/sk\/wp-json\/wp\/v2\/posts\/8331","targetHints":{"allow":["GET"]}}],"collection":[{"href":"https:\/\/www.magna.org\/sk\/wp-json\/wp\/v2\/posts"}],"about":[{"href":"https:\/\/www.magna.org\/sk\/wp-json\/wp\/v2\/types\/post"}],"author":[{"embeddable":true,"href":"https:\/\/www.magna.org\/sk\/wp-json\/wp\/v2\/users\/1"}],"replies":[{"embeddable":true,"href":"https:\/\/www.magna.org\/sk\/wp-json\/wp\/v2\/comments?post=8331"}],"version-history":[{"count":6,"href":"https:\/\/www.magna.org\/sk\/wp-json\/wp\/v2\/posts\/8331\/revisions"}],"predecessor-version":[{"id":9831,"href":"https:\/\/www.magna.org\/sk\/wp-json\/wp\/v2\/posts\/8331\/revisions\/9831"}],"wp:featuredmedia":[{"embeddable":true,"href":"https:\/\/www.magna.org\/sk\/wp-json\/wp\/v2\/media\/8334"}],"wp:attachment":[{"href":"https:\/\/www.magna.org\/sk\/wp-json\/wp\/v2\/media?parent=8331"}],"wp:term":[{"taxonomy":"category","embeddable":true,"href":"https:\/\/www.magna.org\/sk\/wp-json\/wp\/v2\/categories?post=8331"},{"taxonomy":"post_tag","embeddable":true,"href":"https:\/\/www.magna.org\/sk\/wp-json\/wp\/v2\/tags?post=8331"},{"taxonomy":"post_country","embeddable":true,"href":"https:\/\/www.magna.org\/sk\/wp-json\/wp\/v2\/post_country?post=8331"},{"taxonomy":"post_year","embeddable":true,"href":"https:\/\/www.magna.org\/sk\/wp-json\/wp\/v2\/post_year?post=8331"},{"taxonomy":"post_layout","embeddable":true,"href":"https:\/\/www.magna.org\/sk\/wp-json\/wp\/v2\/post_layout?post=8331"},{"taxonomy":"post_topic","embeddable":true,"href":"https:\/\/www.magna.org\/sk\/wp-json\/wp\/v2\/post_topic?post=8331"}],"curies":[{"name":"wp","href":"https:\/\/api.w.org\/{rel}","templated":true}]}}